{"id":3259,"date":"2025-11-26T14:12:41","date_gmt":"2025-11-26T14:12:41","guid":{"rendered":"https:\/\/rakouskajezera.cz\/advent-am-achensee-2025-weihnachtsmaerkte-auf-4-arten\/"},"modified":"2025-12-10T20:51:57","modified_gmt":"2025-12-10T20:51:57","slug":"advent-am-achensee","status":"publish","type":"post","link":"https:\/\/rakouskajezera.cz\/de\/advent-am-achensee\/","title":{"rendered":"Advent am Achensee 2025: Weihnachtsm\u00e4rkte auf 4 Arten"},"content":{"rendered":"<div id=\"ez-toc-container\" class=\"ez-toc-v2_0_82_2 counter-hierarchy ez-toc-counter ez-toc-grey ez-toc-container-direction\">\n<div class=\"ez-toc-title-container\">\n<p class=\"ez-toc-title\" style=\"cursor:inherit\">Table of Contents<\/p>\n<span class=\"ez-toc-title-toggle\"><a href=\"#\" class=\"ez-toc-pull-right ez-toc-btn ez-toc-btn-xs ez-toc-btn-default ez-toc-toggle\" aria-label=\"Toggle Table of Content\"><span class=\"ez-toc-js-icon-con\"><span class=\"\"><span class=\"eztoc-hide\" style=\"display:none;\">Toggle<\/span><span class=\"ez-toc-icon-toggle-span\"><svg style=\"fill: #999;color:#999\" xmlns=\"http:\/\/www.w3.org\/2000\/svg\" class=\"list-377408\" width=\"20px\" height=\"20px\" viewBox=\"0 0 24 24\" fill=\"none\"><path d=\"M6 6H4v2h2V6zm14 0H8v2h12V6zM4 11h2v2H4v-2zm16 0H8v2h12v-2zM4 16h2v2H4v-2zm16 0H8v2h12v-2z\" fill=\"currentColor\"><\/path><\/svg><svg style=\"fill: #999;color:#999\" class=\"arrow-unsorted-368013\" xmlns=\"http:\/\/www.w3.org\/2000\/svg\" width=\"10px\" height=\"10px\" viewBox=\"0 0 24 24\" version=\"1.2\" baseProfile=\"tiny\"><path d=\"M18.2 9.3l-6.2-6.3-6.2 6.3c-.2.2-.3.4-.3.7s.1.5.3.7c.2.2.4.3.7.3h11c.3 0 .5-.1.7-.3.2-.2.3-.5.3-.7s-.1-.5-.3-.7zM5.8 14.7l6.2 6.3 6.2-6.3c.2-.2.3-.5.3-.7s-.1-.5-.3-.7c-.2-.2-.4-.3-.7-.3h-11c-.3 0-.5.1-.7.3-.2.2-.3.5-.3.7s.1.5.3.7z\"\/><\/svg><\/span><\/span><\/span><\/a><\/span><\/div>\n<nav><ul class='ez-toc-list ez-toc-list-level-1 ' ><li class='ez-toc-page-1 ez-toc-heading-level-2'><a class=\"ez-toc-link ez-toc-heading-1\" href=\"https:\/\/rakouskajezera.cz\/de\/advent-am-achensee\/#Advent_am_Achensee_2025_Weihnachtsmaerkte_auf_4_Arten\" >Advent am Achensee 2025: Weihnachtsm\u00e4rkte auf 4 Arten<\/a><\/li><li class='ez-toc-page-1 ez-toc-heading-level-2'><a class=\"ez-toc-link ez-toc-heading-2\" href=\"https:\/\/rakouskajezera.cz\/de\/advent-am-achensee\/#Weihnachtsmaerkte_am_Achensee\" >Weihnachtsm\u00e4rkte am Achensee<\/a><\/li><li class='ez-toc-page-1 ez-toc-heading-level-2'><a class=\"ez-toc-link ez-toc-heading-3\" href=\"https:\/\/rakouskajezera.cz\/de\/advent-am-achensee\/#Unterkuenfte_am_Achensee\" >Unterk\u00fcnfte am Achensee<\/a><ul class='ez-toc-list-level-3' ><li class='ez-toc-heading-level-3'><a class=\"ez-toc-link ez-toc-heading-4\" href=\"https:\/\/rakouskajezera.cz\/de\/advent-am-achensee\/#Bewaehrte_Hoteltipps_am_Achensee\" >Bew\u00e4hrte Hoteltipps am Achensee:<\/a><\/li><\/ul><\/li><li class='ez-toc-page-1 ez-toc-heading-level-2'><a class=\"ez-toc-link ez-toc-heading-5\" href=\"https:\/\/rakouskajezera.cz\/de\/advent-am-achensee\/#Wo_und_wann_finden_die_Weihnachtsmaerkte_am_Achensee_statt\" >Wo und wann finden die Weihnachtsm\u00e4rkte am Achensee statt?<\/a><ul class='ez-toc-list-level-3' ><li class='ez-toc-heading-level-3'><a class=\"ez-toc-link ez-toc-heading-6\" href=\"https:\/\/rakouskajezera.cz\/de\/advent-am-achensee\/#1_Bergadvent_im_Fischergut_Pertisau\" >1. Bergadvent im Fischergut (Pertisau)<\/a><\/li><li class='ez-toc-page-1 ez-toc-heading-level-3'><a class=\"ez-toc-link ez-toc-heading-7\" href=\"https:\/\/rakouskajezera.cz\/de\/advent-am-achensee\/#2_Seeweihnacht_auf_dem_Schiff_Achenseeschifffahrt\" >2. Seeweihnacht auf dem Schiff (Achenseeschifffahrt)<\/a><\/li><li class='ez-toc-page-1 ez-toc-heading-level-3'><a class=\"ez-toc-link ez-toc-heading-8\" href=\"https:\/\/rakouskajezera.cz\/de\/advent-am-achensee\/#3_Landweihnacht_am_Kraeuterhuettl_Achenkirch\" >3. Landweihnacht am Kr\u00e4uterh\u00fcttl (Achenkirch)<\/a><\/li><li class='ez-toc-page-1 ez-toc-heading-level-3'><a class=\"ez-toc-link ez-toc-heading-9\" href=\"https:\/\/rakouskajezera.cz\/de\/advent-am-achensee\/#4_Tiroler_Bergweihnacht_im_Sixenhof_Achenkirch\" >4. Tiroler Bergweihnacht im Sixenhof (Achenkirch)<\/a><\/li><\/ul><\/li><\/ul><\/nav><\/div>\n<h2><span class=\"ez-toc-section\" id=\"Advent_am_Achensee_2025_Weihnachtsmaerkte_auf_4_Arten\"><\/span>Advent am Achensee 2025: Weihnachtsm\u00e4rkte auf 4 Arten<span class=\"ez-toc-section-end\"><\/span><\/h2>\n<p>Weihnachtsm\u00e4rkte am Achensee findest du an mehreren Orten rund um den See. Gemeinsam haben sie die Hauptmerkmale des Advents: den Fokus auf Traditionen, Musik, Handwerk und eine angenehme, intime Atmosph\u00e4re im Kontrast zum See und den umliegenden Bergen. Sie eignen sich als Bereicherung deines vorweihnachtlichen Skiurlaubs in Tirol oder auch als eigenst\u00e4ndiges Wochenendprogramm, wenn du einen ruhigeren Advent in \u00d6sterreich ohne Menschenmassen und mit dem Duft von Punsch, Lebkuchen und Tannennadeln erleben m\u00f6chtest.<\/p>\n<div id=\"attachment_3112\" style=\"width: 1180px\" class=\"wp-caption aligncenter\"><img loading=\"lazy\" decoding=\"async\" aria-describedby=\"caption-attachment-3112\" class=\"size-full wp-image-3112\" src=\"https:\/\/rakouskajezera.cz\/wp-content\/uploads\/2025\/11\/IMG_0927.jpeg\" alt=\"Weihnachtsm\u00e4rkte am Achensee \/ Seeweihnacht Weihnachtsmarkt der Achenseeschifffahrt\" width=\"1170\" height=\"750\" srcset=\"https:\/\/rakouskajezera.cz\/wp-content\/uploads\/2025\/11\/IMG_0927.jpeg 1170w, https:\/\/rakouskajezera.cz\/wp-content\/uploads\/2025\/11\/IMG_0927-768x492.jpeg 768w\" sizes=\"auto, (max-width: 1170px) 100vw, 1170px\" \/><p id=\"caption-attachment-3112\" class=\"wp-caption-text\">Seeweihnacht Weihnachtsmarkt der Achenseeschifffahrt \/ (c) TB Achensee<\/p><\/div>\n<h2><span class=\"ez-toc-section\" id=\"Weihnachtsmaerkte_am_Achensee\"><\/span>Weihnachtsm\u00e4rkte am Achensee<span class=\"ez-toc-section-end\"><\/span><\/h2>\n<p><strong data-start=\"47\" data-end=\"105\">Der Advent am Achensee pr\u00e4sentiert Weihnachtsm\u00e4rkte zwischen Bergen und See. Wenn du d<\/strong>ich nach ruhigen, besinnlichen Momenten sehnst, dann haben wir heute vier Tipps f\u00fcr dich vorbereitet, wohin du zu den Weihnachtsm\u00e4rkten am Achensee gehen kannst, und wir glauben, dass dich die lokale Atmosph\u00e4re genauso begeistern wird wie uns bei den \u00d6sterreichischen Seen.<\/p>\n<hr \/>\n<h2><span class=\"ez-toc-section\" id=\"Unterkuenfte_am_Achensee\"><\/span><span style=\"color: #000000;\"><strong><a style=\"color: #000000;\" href=\"https:\/\/www.booking.com\/searchresults.en.html?region=1644&amp;aid=347511&amp;no_rooms=1&amp;group_adults=2\" target=\"_blank\" rel=\"noopener\">Unterk\u00fcnfte am Achensee<\/a><\/strong><\/span><span class=\"ez-toc-section-end\"><\/span><\/h2>\n<p style=\"text-align: center;\"><strong>G\u00f6nn dir ein entspanntes Adventswochenende am Achensee \u2013<\/strong> <strong><span style=\"color: #008000;\"><em><a style=\"color: #008000;\" href=\"https:\/\/www.booking.com\/searchresults.en.html?region=1644&amp;aid=347511&amp;no_rooms=1&amp;group_adults=2\" target=\"_blank\" rel=\"noopener\">\u00fcbernachte in einem der bew\u00e4hrten Hotels am See<\/a><\/em><\/span>,<\/strong> <strong>von wo aus du es zu den Weihnachtspazierg\u00e4ngen und M\u00e4rkten nur einen Katzensprung hast. <\/strong><\/p>\n<h3 style=\"text-align: center;\"><span class=\"ez-toc-section\" id=\"Bewaehrte_Hoteltipps_am_Achensee\"><\/span><span style=\"color: #000000;\"><a style=\"color: #000000;\" href=\"https:\/\/www.booking.com\/searchresults.en.html?region=1644&amp;aid=347511&amp;no_rooms=1&amp;group_adults=2\" target=\"_blank\" rel=\"noopener\"><strong>Bew\u00e4hrte Hoteltipps am Achensee:<\/strong><\/a><\/span><span class=\"ez-toc-section-end\"><\/span><\/h3>\n<hr \/>\n<p style=\"text-align: center;\"><span style=\"color: #000000;\"><a style=\"color: #000000;\" href=\"https:\/\/www.booking.com\/hotel\/at\/karlwirt.en.html?aid=347511&amp;no_rooms=1&amp;group_adults=2\" target=\"_blank\" rel=\"noopener\"><strong>Hotel Karlwirt (Pertisau)<\/strong><\/a><\/span><br \/>\n\u2705 Tolle Lage als Ausgangspunkt f\u00fcr Spazierg\u00e4nge am See und Ausfl\u00fcge in die Berge<br \/>\n\u2705 Bew\u00e4hrtes Hotel<span style=\"color: #000000;\"><a style=\"color: #000000;\" href=\"https:\/\/www.booking.com\/hotel\/at\/karlwirt.en.html?aid=347511&amp;no_rooms=1&amp;group_adults=2\" target=\"_blank\" rel=\"noopener\"> mit sehr guter Bewertung auf Booking<\/a><\/span><br \/>\n<span style=\"color: #008000;\"><em><a style=\"color: #008000;\" href=\"https:\/\/www.booking.com\/hotel\/at\/karlwirt.en.html?aid=347511&amp;no_rooms=1&amp;group_adults=2\" target=\"_blank\" rel=\"noopener\"><strong>Verf\u00fcgbarkeit anzeigen<\/strong><\/a><\/em><\/span><\/p>\n<p style=\"text-align: center;\"><span style=\"color: #000000;\"><strong><a style=\"color: #000000;\" href=\"https:\/\/www.booking.com\/hotel\/at\/vaya-achensee-inklusive-achenseecard.en.html?aid=347511&amp;no_rooms=1&amp;group_adults=2\" target=\"_blank\" rel=\"noopener\">VAYA Achensee (Achenkirch)<\/a><\/strong><\/span><br \/>\n\u2705 Modernerer Unterkunftsstil und gutes Preis-Leistungs-Verh\u00e4ltnis in der Region Achensee<br \/>\n\u2705 Geeignet f\u00fcr Aktivurlaub und Entspannung (Wellnessbereich je nach Terminangebot)<br \/>\n<span style=\"color: #008000;\"><strong><em><a style=\"color: #008000;\" href=\"https:\/\/www.booking.com\/hotel\/at\/vaya-achensee-inklusive-achenseecard.en.html?aid=347511&amp;no_rooms=1&amp;group_adults=2\" target=\"_blank\" rel=\"noopener\">Verf\u00fcgbarkeit anzeigen<\/a><\/em><\/strong><\/span><\/p>\n<p style=\"text-align: center;\"><strong><a href=\"https:\/\/www.booking.com\/hotel\/at\/strandhotelentner.en.html?aid=347511&amp;no_rooms=1&amp;group_adults=2\" target=\"_blank\" rel=\"noopener\"><span style=\"color: #000000;\">Entners am See (Pertisau)<\/span><\/a><\/strong><br \/>\n\u2705 Luxuri\u00f6sere Wahl direkt am See \u2013 hervorragende Bewertungen und Top-Service<br \/>\n\u2705 Ideal, wenn du den Advent mit Wellness und Entspannung auf h\u00f6herem Niveau verbinden m\u00f6chtest<br \/>\n<span style=\"color: #008000;\"><em><strong><a style=\"color: #008000;\" href=\"https:\/\/www.booking.com\/hotel\/at\/strandhotelentner.en.html?aid=347511&amp;no_rooms=1&amp;group_adults=2\" target=\"_blank\" rel=\"noopener\">Verf\u00fcgbarkeit anzeigen<\/a><\/strong><\/em><\/span><\/p>\n<p style=\"text-align: center;\"><span style=\"color: #000000;\"><strong>Hat dich keines der genannten Hotels begeistert? W\u00e4hle eine Unterkunft nach deinen eigenen W\u00fcnschen: <\/strong><\/span><\/p>\n<blockquote>\n<p style=\"text-align: center;\"><span style=\"color: #008000;\"><strong><em><a style=\"color: #008000;\" href=\"https:\/\/www.booking.com\/searchresults.en.html?region=1644&amp;aid=347511&amp;no_rooms=1&amp;group_adults=2\" target=\"_blank\" rel=\"noopener\">&gt; UNTERK\u00dcNFTE AM ACHENSEE W\u00c4HREND DES ADVENTS<\/a><\/em><\/strong><\/span><\/p>\n<div id=\"attachment_3108\" style=\"width: 1930px\" class=\"wp-caption aligncenter\"><a href=\"https:\/\/www.booking.com\/searchresults.en.html?region=1644&amp;aid=347511&amp;no_rooms=1&amp;group_adults=2\" target=\"_blank\" rel=\"noopener\"><img loading=\"lazy\" decoding=\"async\" aria-describedby=\"caption-attachment-3108\" class=\"size-full wp-image-3108\" src=\"https:\/\/rakouskajezera.cz\/wp-content\/uploads\/2025\/11\/pertisau-ga8795d844_1920.jpg\" alt=\"Unterk\u00fcnfte am Achensee\" width=\"1920\" height=\"965\" srcset=\"https:\/\/rakouskajezera.cz\/wp-content\/uploads\/2025\/11\/pertisau-ga8795d844_1920.jpg 1920w, https:\/\/rakouskajezera.cz\/wp-content\/uploads\/2025\/11\/pertisau-ga8795d844_1920-768x386.jpg 768w\" sizes=\"auto, (max-width: 1920px) 100vw, 1920px\" \/><\/a><p id=\"caption-attachment-3108\" class=\"wp-caption-text\">Unterk\u00fcnfte am Achensee<\/p><\/div><\/blockquote>\n<hr \/>\n<h2 data-start=\"335\" data-end=\"378\"><span class=\"ez-toc-section\" id=\"Wo_und_wann_finden_die_Weihnachtsmaerkte_am_Achensee_statt\"><\/span>Wo und wann finden die Weihnachtsm\u00e4rkte am Achensee statt?<span class=\"ez-toc-section-end\"><\/span><\/h2>\n<h3 data-start=\"335\" data-end=\"378\"><span class=\"ez-toc-section\" id=\"1_Bergadvent_im_Fischergut_Pertisau\"><\/span>1. Bergadvent im Fischergut (Pertisau)<span class=\"ez-toc-section-end\"><\/span><\/h3>\n<p>Diese Weihnachtsm\u00e4rkte am Achensee in Pertisau richten sich vor allem an diejenigen, die einen stillen Advent und sozusagen die gute alte Weihnachtskulisse suchen. Hier findest du das historische Areal Fischergut mit Handwerksst\u00e4nden, aber auch ein Musikprogramm und andere Darbietungen weihnachtlicher Traditionen. Erwarte keinen gro\u00dfen Markt, sondern nur einen angenehmen Advent am Achensee.<\/p>\n<div id=\"attachment_3115\" style=\"width: 1180px\" class=\"wp-caption aligncenter\"><img loading=\"lazy\" decoding=\"async\" aria-describedby=\"caption-attachment-3115\" class=\"size-full wp-image-3115\" src=\"https:\/\/rakouskajezera.cz\/wp-content\/uploads\/2025\/11\/IMG_0930.jpeg\" alt=\"Weihnachtsm\u00e4rkte am Achensee\" width=\"1170\" height=\"665\" srcset=\"https:\/\/rakouskajezera.cz\/wp-content\/uploads\/2025\/11\/IMG_0930.jpeg 1170w, https:\/\/rakouskajezera.cz\/wp-content\/uploads\/2025\/11\/IMG_0930-768x436.jpeg 768w\" sizes=\"auto, (max-width: 1170px) 100vw, 1170px\" \/><p id=\"caption-attachment-3115\" class=\"wp-caption-text\">Adventszeit beim Fischergut in Pertisau \/ (c) TB Achensee<\/p><\/div>\n<ul>\n<li data-start=\"379\" data-end=\"439\">\n<p data-start=\"381\" data-end=\"439\"><span style=\"color: #000000;\"><strong>Der Markt l\u00e4uft vom 29.11.\u201328. 12. 2025 \u2013 standardm\u00e4\u00dfig Fr\u2013So.<\/strong><\/span><\/p>\n<\/li>\n<li data-start=\"440\" data-end=\"490\">\n<p data-start=\"442\" data-end=\"490\"><span style=\"color: #000000;\"><strong>\u00d6ffnungszeiten: Fr 15\u201319 Uhr, Sa\/So 14\u201319 Uhr.<\/strong><\/span><\/p>\n<\/li>\n<li data-start=\"491\" data-end=\"538\">\n<p data-start=\"493\" data-end=\"538\"><span style=\"color: #000000;\"><strong>Au\u00dferordentlich auch nach dem 8. ge\u00f6ffnet. 12. (14\u201319 Uhr).<\/strong><\/span><\/p>\n<\/li>\n<li data-start=\"539\" data-end=\"587\" data-is-last-node=\"\">\n<p data-start=\"541\" data-end=\"587\" data-is-last-node=\"\"><span style=\"color: #000000;\"><strong data-start=\"541\" data-end=\"554\">Findet nicht statt<\/strong>: <strong data-start=\"556\" data-end=\"567\">28.11.<\/strong> und <strong data-start=\"570\" data-end=\"586\">26.12.2025<\/strong>.<\/span><\/p>\n<\/li>\n<\/ul>\n<hr \/>\n<h3 data-start=\"639\" data-end=\"688\"><span class=\"ez-toc-section\" id=\"2_Seeweihnacht_auf_dem_Schiff_Achenseeschifffahrt\"><\/span>2. Seeweihnacht auf dem Schiff (Achenseeschifffahrt)<span class=\"ez-toc-section-end\"><\/span><\/h3>\n<p data-start=\"689\" data-end=\"1040\">Dieses Erlebnis, das dir der Advent am Achensee beschert, wirst du sicherlich noch lange in Erinnerung behalten. Egal, ob du mit deinem Partner oder der ganzen Familie hierherkommst, verpasse auf keinen Fall eine Fahrt mit dem weihnachtlich beleuchteten Schiff auf dem See. Das Schiff verwandelt sich buchst\u00e4blich in einen schwimmenden Weihnachtsmarkt. Im Inneren w\u00e4rmt dich eine angenehme W\u00e4rme, und von au\u00dfen wirst du von Lichtern und Weihnachtsdekoration verzaubert.<\/p>\n<div id=\"attachment_3114\" style=\"width: 1180px\" class=\"wp-caption aligncenter\"><img loading=\"lazy\" decoding=\"async\" aria-describedby=\"caption-attachment-3114\" class=\"size-full wp-image-3114\" src=\"https:\/\/rakouskajezera.cz\/wp-content\/uploads\/2025\/11\/IMG_0929.jpeg\" alt=\"Advent am Achensee in Pertisau\" width=\"1170\" height=\"841\" srcset=\"https:\/\/rakouskajezera.cz\/wp-content\/uploads\/2025\/11\/IMG_0929.jpeg 1170w, https:\/\/rakouskajezera.cz\/wp-content\/uploads\/2025\/11\/IMG_0929-768x552.jpeg 768w\" sizes=\"auto, (max-width: 1170px) 100vw, 1170px\" \/><p id=\"caption-attachment-3114\" class=\"wp-caption-text\">Advent am Achensee in Pertisau \/ (c) TB Achensee<\/p><\/div>\n<p data-start=\"689\" data-end=\"1040\"><span style=\"color: #008080;\"><strong><em>Freu dich auch auf regionale Spezialit\u00e4ten und weihnachtliche Atmosph\u00e4re direkt am winterlichen Achensee: <\/em><\/strong><\/span><\/p>\n<ul>\n<li data-start=\"841\" data-end=\"964\">\n<p data-start=\"843\" data-end=\"964\"><span style=\"color: #000000;\"><strong>Ein- und Ausstiegsstellen: Pertisau am Achensee und Achenkirch am Achensee <\/strong><\/span><\/p>\n<\/li>\n<li data-start=\"965\" data-end=\"1044\">\n<p data-start=\"967\" data-end=\"1044\"><span style=\"color: #000000;\"><strong>Betrieb der Weihnachtslinie: 28.11.\u201321. 12. 2025, Fr\u2013So, 11:00\u201317:30 Uhr.<\/strong><\/span><\/p>\n<\/li>\n<li data-start=\"1045\" data-end=\"1080\" data-is-last-node=\"\">\n<p data-start=\"1047\" data-end=\"1080\" data-is-last-node=\"\"><span style=\"color: #000000;\"><strong>Zus\u00e4tzlich f\u00e4hrt sie auch nach dem 8. 12. 2025.<\/strong><\/span><\/p>\n<\/li>\n<\/ul>\n<p class=\"p1\"><span style=\"color: #008080;\"><strong><em>Abfahrtszeiten des Schiffes: <\/em><\/strong><\/span><\/p>\n<p class=\"p2\"><span style=\"color: #000000;\"><strong>Pertisau<\/strong><\/span> 11:00 Uhr &#8211; 12:30 Uhr &#8211; 14:00 Uhr &#8211; 15:30 Uhr<\/p>\n<p class=\"p2\"><span style=\"color: #000000;\"><strong>Scholastika<\/strong><\/span> 11:45 Uhr &#8211; 13:15 Uhr &#8211; 14:45 Uhr &#8211; 16:45 Uhr<\/p>\n<hr \/>\n<p><span style=\"color: #000000;\"><strong>Das k\u00f6nnte dich auch interessieren: <\/strong><\/span><\/p>\n<ul>\n<li><span style=\"color: #008000;\"><strong><a style=\"color: #008000;\" href=\"https:\/\/rakouskajezera.cz\/de\/advent-in-oesterreich-2025-10-tipps-wohin-zu-weihnachtsmaerkten\/\" target=\"_blank\" rel=\"noopener\">Advent in \u00d6sterreich: 10 Tipps f\u00fcr Weihnachtsm\u00e4rkte<\/a><\/strong><\/span><\/li>\n<li><span style=\"color: #008000;\"><strong><a style=\"color: #008000;\" href=\"https:\/\/rakouskajezera.cz\/de\/weihnachtsmaerkte-wolfgangsee-2025-was-man-sehen-wo-man-uebernachten-und-wo-man-essen-kann\/\" target=\"_blank\" rel=\"noopener\">Weihnachtsm\u00e4rkte Wolfgangsee: Was es zu sehen gibt, wo man \u00fcbernachten und essen kann<\/a><\/strong><\/span><\/li>\n<li><span style=\"color: #008000;\"><strong><a style=\"color: #008000;\" href=\"https:\/\/www.dovolenkarka.cz\/vanocni-trhy-ve-slovinsku\/\" target=\"_blank\" rel=\"noopener\">11 tolle Tipps f\u00fcr Weihnachtsm\u00e4rkte in Slowenien <\/a><\/strong><\/span><\/li>\n<li><span style=\"color: #008000;\"><a style=\"color: #008000;\" href=\"https:\/\/www.dovolenkarka.cz\/vanocni-trhy-salzburg\/\" target=\"_blank\" rel=\"noopener\"><strong>Weihnachtsm\u00e4rkte Salzburg: Was es zu sehen gibt, wo man \u00fcbernachten und essen kann<\/strong><\/a><\/span><\/li>\n<\/ul>\n<hr \/>\n<h3 data-start=\"1047\" data-end=\"1096\"><span class=\"ez-toc-section\" id=\"3_Landweihnacht_am_Kraeuterhuettl_Achenkirch\"><\/span>3. Landweihnacht am Kr\u00e4uterh\u00fcttl (Achenkirch)<span class=\"ez-toc-section-end\"><\/span><\/h3>\n<p data-start=\"1097\" data-end=\"1330\">Nimm die Einladung zu einem weihnachtlichen Treffen am See mit Musik und Rahmenprogramm an. Der Advent am Achensee hat ein Programm f\u00fcr dich vorbereitet, das auch ideal f\u00fcr Familien mit Kindern ist. Kinder werden Ponyreiten lieben, und nicht nur sie werden auch Kutschfahrten in der Umgebung genie\u00dfen. Wenn du Kinder hast, dann sind genau diese Weihnachtsm\u00e4rkte am Achensee jedes Jahr ihre Favoriten.<\/p>\n<ul>\n<li data-start=\"325\" data-end=\"397\">\n<p data-start=\"327\" data-end=\"397\"><span style=\"color: #000000;\"><strong>Standardm\u00e4\u00dfig ge\u00f6ffnet vom 28.11.\u201328. 12. 2025, Fr\u2013So 11:30\u201317:00 Uhr.<\/strong><\/span><\/p>\n<\/li>\n<li data-start=\"398\" data-end=\"451\">\n<p data-start=\"400\" data-end=\"451\"><span style=\"color: #000000;\"><strong>Au\u00dferordentlich auch nach dem 8. ge\u00f6ffnet. 12. (11:30\u201317:00 Uhr).<\/strong><\/span><\/p>\n<\/li>\n<li data-start=\"452\" data-end=\"533\" data-is-last-node=\"\">\n<p data-start=\"454\" data-end=\"533\" data-is-last-node=\"\"><span style=\"color: #000000;\"><strong>22.\u201325. 12. 2025 ist der Kr\u00e4uterh\u00fcttl-Shop ge\u00f6ffnet (separat als Gesch\u00e4ft).<\/strong><\/span><\/p>\n<\/li>\n<\/ul>\n<div id=\"attachment_3113\" style=\"width: 1145px\" class=\"wp-caption aligncenter\"><img loading=\"lazy\" decoding=\"async\" aria-describedby=\"caption-attachment-3113\" class=\"size-full wp-image-3113\" src=\"https:\/\/rakouskajezera.cz\/wp-content\/uploads\/2025\/11\/IMG_0928.jpeg\" alt=\"Weihnachtsm\u00e4rkte am Achensee \/ Landweihnacht in Achenkirch am Achensee\" width=\"1135\" height=\"756\" srcset=\"https:\/\/rakouskajezera.cz\/wp-content\/uploads\/2025\/11\/IMG_0928.jpeg 1135w, https:\/\/rakouskajezera.cz\/wp-content\/uploads\/2025\/11\/IMG_0928-768x511.jpeg 768w\" sizes=\"auto, (max-width: 1135px) 100vw, 1135px\" \/><p id=\"caption-attachment-3113\" class=\"wp-caption-text\">Landweihnacht in Achenkirch am Achensee \/ (c) TB Achensee<\/p><\/div>\n<hr \/>\n<h3 data-start=\"1337\" data-end=\"1390\"><span class=\"ez-toc-section\" id=\"4_Tiroler_Bergweihnacht_im_Sixenhof_Achenkirch\"><\/span>4. Tiroler Bergweihnacht im Sixenhof (Achenkirch)<span class=\"ez-toc-section-end\"><\/span><\/h3>\n<p data-start=\"1391\" data-end=\"1760\">Interessiert dich der traditionelle Advent am Achensee? Lokale Weihnachtstraditionen werden bei der Tiroler Bergweihnacht im Sixenhof lebendig. Die Weihnachtsm\u00e4rkte am Achensee verw\u00f6hnen dich an diesem Ort mit einem Programm in einem alten Bauernhaus, das eigentlich ein jahrhundertealter Stall ist. Freu dich auf lebende Tiere und eine lokale Version der Weihnachtsgeschichte.<\/p>\n<div id=\"attachment_3104\" style=\"width: 1180px\" class=\"wp-caption aligncenter\"><img loading=\"lazy\" decoding=\"async\" aria-describedby=\"caption-attachment-3104\" class=\"size-full wp-image-3104\" src=\"https:\/\/rakouskajezera.cz\/wp-content\/uploads\/2025\/11\/IMG_0921.jpeg\" alt=\"Advent am Achensee Heimatmuseum Sixenhof\" width=\"1170\" height=\"564\" srcset=\"https:\/\/rakouskajezera.cz\/wp-content\/uploads\/2025\/11\/IMG_0921.jpeg 1170w, https:\/\/rakouskajezera.cz\/wp-content\/uploads\/2025\/11\/IMG_0921-768x370.jpeg 768w\" sizes=\"auto, (max-width: 1170px) 100vw, 1170px\" \/><p id=\"caption-attachment-3104\" class=\"wp-caption-text\">(c) Heimatmuseum Sixenhof Achensee<\/p><\/div>\n<div id=\"attachment_3103\" style=\"width: 1168px\" class=\"wp-caption aligncenter\"><img loading=\"lazy\" decoding=\"async\" aria-describedby=\"caption-attachment-3103\" class=\"size-full wp-image-3103\" src=\"https:\/\/rakouskajezera.cz\/wp-content\/uploads\/2025\/11\/IMG_0922.jpeg\" alt=\"Advent am Achensee Heimatmuseum Sixenhof\" width=\"1158\" height=\"750\" srcset=\"https:\/\/rakouskajezera.cz\/wp-content\/uploads\/2025\/11\/IMG_0922.jpeg 1158w, https:\/\/rakouskajezera.cz\/wp-content\/uploads\/2025\/11\/IMG_0922-768x497.jpeg 768w\" sizes=\"auto, (max-width: 1158px) 100vw, 1158px\" \/><p id=\"caption-attachment-3103\" class=\"wp-caption-text\">(c) Heimatmuseum Sixenhof Achensee<\/p><\/div>\n<p data-start=\"1391\" data-end=\"1760\">Die f\u00fcr diese M\u00e4rkte gekaufte Eintrittskarte berechtigt dich meist auch zum Besuch des \u00f6rtlichen Museums \u2013 des Heimatmuseums. Die Atmosph\u00e4re wird hier neben dem Genannten auch durch eine geschm\u00fcckte Stube und einen kleinen Verkaufsbereich f\u00fcr kleine Weihnachtseink\u00e4ufe geschaffen.<\/p>\n<ul>\n<li data-start=\"1391\" data-end=\"1760\"><span style=\"color: #000000;\"><strong>Ge\u00f6ffnet: vom 28. November bis 28. Dezember 2025, von Freitag bis Sonntag und an Feiertagen, jeweils von 12:00 bis 17:00 Uhr. <\/strong><\/span><\/li>\n<li data-start=\"1391\" data-end=\"1760\"><span style=\"color: #000000;\"><strong>Eintritt: 8 \u20ac pro Person, Kinder unter 15 Jahren gratis.<\/strong><\/span><\/li>\n<\/ul>\n<hr \/>\n<p style=\"text-align: center;\"><strong>Hat dich unser Tipp f\u00fcr den Advent am Achensee begeistert? Dank des vielf\u00e4ltigen Programms f\u00fcr kleine und gro\u00dfe Besucher werden die Weihnachtsm\u00e4rkte am Achensee sicherlich ein au\u00dfergew\u00f6hnliches Erlebnis sein. Speichere dir diesen Tipp auch auf Pinterest, damit du ihn leicht wiederfindest: <\/strong><br \/>\n<iframe loading=\"lazy\" src=\"https:\/\/assets.pinterest.com\/ext\/embed.html?id=1049057306964887159\" width=\"345\" height=\"714\" frameborder=\"0\" scrolling=\"no\"><\/iframe><\/p>\n","protected":false},"excerpt":{"rendered":"<p>Advent am Achensee 2025: Weihnachtsm\u00e4rkte auf 4 Arten Weihnachtsm\u00e4rkte am Achensee findest du an mehreren Orten rund um den See. Gemeinsam haben sie die Hauptmerkmale des Advents: den Fokus auf Traditionen, Musik, Handwerk und eine angenehme, intime Atmosph\u00e4re im Kontrast zum See und den umliegenden Bergen. Sie eignen sich als Bereicherung deines vorweihnachtlichen Skiurlaubs in Tirol oder auch als eigenst\u00e4ndiges Wochenendprogramm, wenn du einen ruhigeren Advent in \u00d6sterreich ohne Menschenmassen und mit dem Duft von Punsch, Lebkuchen und Tannennadeln erleben m\u00f6chtest. Weihnachtsm\u00e4rkte am Achensee Der Advent am Achensee pr\u00e4sentiert Weihnachtsm\u00e4rkte zwischen Bergen und See. Wenn du dich nach ruhigen, besinnlichen <\/p>\n","protected":false},"author":1,"featured_media":3261,"comment_status":"closed","ping_status":"closed","sticky":false,"template":"","format":"standard","meta":{"footnotes":""},"categories":[549,555],"tags":[557,559,561,560,556,558],"class_list":["post-3259","post","type-post","status-publish","format-standard","has-post-thumbnail","hentry","category-advent-in-osterreich","category-tirol","tag-advent-am-achensee","tag-heimatmuseum-sixenhof-achensee","tag-hotels-am-achensee","tag-unterkunfte-am-achensee","tag-weihnachtsmarkte-am-achensee","tag-winter-am-achensee","has_thumb"],"_links":{"self":[{"href":"https:\/\/rakouskajezera.cz\/de\/wp-json\/wp\/v2\/posts\/3259","targetHints":{"allow":["GET"]}}],"collection":[{"href":"https:\/\/rakouskajezera.cz\/de\/wp-json\/wp\/v2\/posts"}],"about":[{"href":"https:\/\/rakouskajezera.cz\/de\/wp-json\/wp\/v2\/types\/post"}],"author":[{"embeddable":true,"href":"https:\/\/rakouskajezera.cz\/de\/wp-json\/wp\/v2\/users\/1"}],"replies":[{"embeddable":true,"href":"https:\/\/rakouskajezera.cz\/de\/wp-json\/wp\/v2\/comments?post=3259"}],"version-history":[{"count":2,"href":"https:\/\/rakouskajezera.cz\/de\/wp-json\/wp\/v2\/posts\/3259\/revisions"}],"predecessor-version":[{"id":3290,"href":"https:\/\/rakouskajezera.cz\/de\/wp-json\/wp\/v2\/posts\/3259\/revisions\/3290"}],"wp:featuredmedia":[{"embeddable":true,"href":"https:\/\/rakouskajezera.cz\/de\/wp-json\/wp\/v2\/media\/3261"}],"wp:attachment":[{"href":"https:\/\/rakouskajezera.cz\/de\/wp-json\/wp\/v2\/media?parent=3259"}],"wp:term":[{"taxonomy":"category","embeddable":true,"href":"https:\/\/rakouskajezera.cz\/de\/wp-json\/wp\/v2\/categories?post=3259"},{"taxonomy":"post_tag","embeddable":true,"href":"https:\/\/rakouskajezera.cz\/de\/wp-json\/wp\/v2\/tags?post=3259"}],"curies":[{"name":"wp","href":"https:\/\/api.w.org\/{rel}","templated":true}]}}