{"id":3279,"date":"2025-11-17T15:43:56","date_gmt":"2025-11-17T15:43:56","guid":{"rendered":"https:\/\/rakouskajezera.cz\/advent-in-oesterreich-2025-10-tipps-wohin-zu-weihnachtsmaerkten\/"},"modified":"2025-12-10T21:10:19","modified_gmt":"2025-12-10T21:10:19","slug":"advent-in-oesterreich","status":"publish","type":"post","link":"https:\/\/rakouskajezera.cz\/de\/advent-in-oesterreich\/","title":{"rendered":"Advent in \u00d6sterreich 2025: 10 Tipps, wohin zu Weihnachtsm\u00e4rkten"},"content":{"rendered":"<div id=\"ez-toc-container\" class=\"ez-toc-v2_0_82_2 counter-hierarchy ez-toc-counter ez-toc-grey ez-toc-container-direction\">\n<div class=\"ez-toc-title-container\">\n<p class=\"ez-toc-title\" style=\"cursor:inherit\">Table of Contents<\/p>\n<span class=\"ez-toc-title-toggle\"><a href=\"#\" class=\"ez-toc-pull-right ez-toc-btn ez-toc-btn-xs ez-toc-btn-default ez-toc-toggle\" aria-label=\"Toggle Table of Content\"><span class=\"ez-toc-js-icon-con\"><span class=\"\"><span class=\"eztoc-hide\" style=\"display:none;\">Toggle<\/span><span class=\"ez-toc-icon-toggle-span\"><svg style=\"fill: #999;color:#999\" xmlns=\"http:\/\/www.w3.org\/2000\/svg\" class=\"list-377408\" width=\"20px\" height=\"20px\" viewBox=\"0 0 24 24\" fill=\"none\"><path d=\"M6 6H4v2h2V6zm14 0H8v2h12V6zM4 11h2v2H4v-2zm16 0H8v2h12v-2zM4 16h2v2H4v-2zm16 0H8v2h12v-2z\" fill=\"currentColor\"><\/path><\/svg><svg style=\"fill: #999;color:#999\" class=\"arrow-unsorted-368013\" xmlns=\"http:\/\/www.w3.org\/2000\/svg\" width=\"10px\" height=\"10px\" viewBox=\"0 0 24 24\" version=\"1.2\" baseProfile=\"tiny\"><path d=\"M18.2 9.3l-6.2-6.3-6.2 6.3c-.2.2-.3.4-.3.7s.1.5.3.7c.2.2.4.3.7.3h11c.3 0 .5-.1.7-.3.2-.2.3-.5.3-.7s-.1-.5-.3-.7zM5.8 14.7l6.2 6.3 6.2-6.3c.2-.2.3-.5.3-.7s-.1-.5-.3-.7c-.2-.2-.4-.3-.7-.3h-11c-.3 0-.5.1-.7.3-.2.2-.3.5-.3.7s.1.5.3.7z\"\/><\/svg><\/span><\/span><\/span><\/a><\/span><\/div>\n<nav><ul class='ez-toc-list ez-toc-list-level-1 ' ><li class='ez-toc-page-1 ez-toc-heading-level-2'><a class=\"ez-toc-link ez-toc-heading-1\" href=\"https:\/\/rakouskajezera.cz\/de\/advent-in-oesterreich\/#Advent_in_Oesterreich_10_Tipps_wohin_zu_Weihnachtsmaerkten\" >Advent in \u00d6sterreich: 10 Tipps, wohin zu Weihnachtsm\u00e4rkten<\/a><\/li><li class='ez-toc-page-1 ez-toc-heading-level-2'><a class=\"ez-toc-link ez-toc-heading-2\" href=\"https:\/\/rakouskajezera.cz\/de\/advent-in-oesterreich\/#Advent_in_Oesterreich\" >Advent in \u00d6sterreich<\/a><\/li><li class='ez-toc-page-1 ez-toc-heading-level-2'><a class=\"ez-toc-link ez-toc-heading-3\" href=\"https:\/\/rakouskajezera.cz\/de\/advent-in-oesterreich\/#1_Wien\" >1. Wien<\/a><\/li><li class='ez-toc-page-1 ez-toc-heading-level-2'><a class=\"ez-toc-link ez-toc-heading-4\" href=\"https:\/\/rakouskajezera.cz\/de\/advent-in-oesterreich\/#2_Advent_in_Salzburg_%E2%80%93_Stadt_der_Musik_und_Weihnachtslieder\" >2. Advent in Salzburg \u2013 Stadt der Musik und Weihnachtslieder<\/a><\/li><li class='ez-toc-page-1 ez-toc-heading-level-2'><a class=\"ez-toc-link ez-toc-heading-5\" href=\"https:\/\/rakouskajezera.cz\/de\/advent-in-oesterreich\/#3_Innsbruck_%E2%80%93_Alpen_Glanz_und_festliches_Abenteuer\" >3. Innsbruck \u2013 Alpen, Glanz und festliches Abenteuer<\/a><\/li><li class='ez-toc-page-1 ez-toc-heading-level-2'><a class=\"ez-toc-link ez-toc-heading-6\" href=\"https:\/\/rakouskajezera.cz\/de\/advent-in-oesterreich\/#4_Hallstatt_%E2%80%93_Advent_in_Oesterreich\" >4. Hallstatt &#8211; Advent in \u00d6sterreich<\/a><\/li><li class='ez-toc-page-1 ez-toc-heading-level-2'><a class=\"ez-toc-link ez-toc-heading-7\" href=\"https:\/\/rakouskajezera.cz\/de\/advent-in-oesterreich\/#5_Advent_in_Zell_am_See\" >5. Advent in Zell am See<\/a><\/li><li class='ez-toc-page-1 ez-toc-heading-level-2'><a class=\"ez-toc-link ez-toc-heading-8\" href=\"https:\/\/rakouskajezera.cz\/de\/advent-in-oesterreich\/#6_Graz_%E2%80%93_Advent_in_Oesterreich\" >6. Graz \u2013 Advent in \u00d6sterreich<\/a><\/li><li class='ez-toc-page-1 ez-toc-heading-level-2'><a class=\"ez-toc-link ez-toc-heading-9\" href=\"https:\/\/rakouskajezera.cz\/de\/advent-in-oesterreich\/#7_Weihnachtsmaerkte_in_Fuschl_am_See\" >7. Weihnachtsm\u00e4rkte in Fuschl am See<\/a><ul class='ez-toc-list-level-3' ><li class='ez-toc-heading-level-3'><a class=\"ez-toc-link ez-toc-heading-10\" href=\"https:\/\/rakouskajezera.cz\/de\/advent-in-oesterreich\/#7_1_Weihnachtsmaerkte_beim_Schloss_Fuschl\" >7. 1. Weihnachtsm\u00e4rkte beim Schloss Fuschl<\/a><\/li><li class='ez-toc-page-1 ez-toc-heading-level-3'><a class=\"ez-toc-link ez-toc-heading-11\" href=\"https:\/\/rakouskajezera.cz\/de\/advent-in-oesterreich\/#7_2_Luxusunterkunft_am_Fuschlsee\" >7. 2. Luxusunterkunft am Fuschlsee<\/a><\/li><li class='ez-toc-page-1 ez-toc-heading-level-3'><a class=\"ez-toc-link ez-toc-heading-12\" href=\"https:\/\/rakouskajezera.cz\/de\/advent-in-oesterreich\/#Waldhof_Fuschlsee_Resort\" >Waldhof Fuschlsee Resort<\/a><\/li><\/ul><\/li><li class='ez-toc-page-1 ez-toc-heading-level-2'><a class=\"ez-toc-link ez-toc-heading-13\" href=\"https:\/\/rakouskajezera.cz\/de\/advent-in-oesterreich\/#8_Wolfgangsee_%E2%80%93_Advent_in_Oesterreich\" >8. Wolfgangsee &#8211; Advent in \u00d6sterreich<\/a><\/li><li class='ez-toc-page-1 ez-toc-heading-level-2'><a class=\"ez-toc-link ez-toc-heading-14\" href=\"https:\/\/rakouskajezera.cz\/de\/advent-in-oesterreich\/#9_Traunsee_%E2%80%93_Advent_in_Oesterreich\" >9. Traunsee &#8211; Advent in \u00d6sterreich<\/a><\/li><li class='ez-toc-page-1 ez-toc-heading-level-2'><a class=\"ez-toc-link ez-toc-heading-15\" href=\"https:\/\/rakouskajezera.cz\/de\/advent-in-oesterreich\/#10_Advent_am_Woerthersee_Velden\" >10. Advent am W\u00f6rthersee (Velden<\/a><\/li><\/ul><\/nav><\/div>\n<h2 data-start=\"281\" data-end=\"340\"><span class=\"ez-toc-section\" id=\"Advent_in_Oesterreich_10_Tipps_wohin_zu_Weihnachtsmaerkten\"><\/span>Advent in \u00d6sterreich: 10 Tipps, wohin zu Weihnachtsm\u00e4rkten<span class=\"ez-toc-section-end\"><\/span><\/h2>\n<p data-start=\"342\" data-end=\"720\">Erlebe einen zauberhaften Advent in \u00d6sterreich. Suchst du das perfekte Weihnachtsziel? Du brauchst nicht l\u00e4nger zu suchen. \u00d6sterreich ist ein Land, das die traditionelle Weihnachtsatmosph\u00e4re wohl am besten einfangen kann. Von den verschneiten Alpengipfeln bis zu den malerischen Kopfsteinpflastergassen alter St\u00e4dte verwandelt sich praktisch das ganze Land vor Weihnachten in ein einziges gro\u00dfes M\u00e4rchen.<\/p>\n<div id=\"attachment_2278\" style=\"width: 1930px\" class=\"wp-caption aligncenter\"><img loading=\"lazy\" decoding=\"async\" aria-describedby=\"caption-attachment-2278\" class=\"wp-image-2278 size-full\" src=\"https:\/\/rakouskajezera.cz\/wp-content\/uploads\/2025\/11\/salzburg-3264597_1920.jpg\" alt=\"Advent in Zell am See \" width=\"1920\" height=\"1280\" srcset=\"https:\/\/rakouskajezera.cz\/wp-content\/uploads\/2025\/11\/salzburg-3264597_1920.jpg 1920w, https:\/\/rakouskajezera.cz\/wp-content\/uploads\/2025\/11\/salzburg-3264597_1920-768x512.jpg 768w\" sizes=\"auto, (max-width: 1920px) 100vw, 1920px\" \/><p id=\"caption-attachment-2278\" class=\"wp-caption-text\">Winter in Zell am See<\/p><\/div>\n<p style=\"text-align: center;\" data-start=\"342\" data-end=\"720\"><span style=\"color: #000000;\"><strong>Begib dich mit uns auf eine unvergessliche Reise zu 10 Adventorten, wo du vor Weihnachten eine sch\u00f6ne Zeit verbringen wirst: <\/strong><\/span><\/p>\n<hr \/>\n<h2 data-start=\"342\" data-end=\"720\"><span class=\"ez-toc-section\" id=\"Advent_in_Oesterreich\"><\/span>Advent in \u00d6sterreich<span class=\"ez-toc-section-end\"><\/span><\/h2>\n<h2 data-start=\"727\" data-end=\"772\"><span class=\"ez-toc-section\" id=\"1_Wien\"><\/span>1. Wien<span class=\"ez-toc-section-end\"><\/span><\/h2>\n<p data-start=\"774\" data-end=\"1477\">Die \u00f6sterreichische Metropole erwacht im Advent f\u00f6rmlich zum Leben. Historische Stra\u00dfen glitzern unter einem Meer von Lichtern, und Schnee bedeckt die D\u00e4cher der Jugendstilgeb\u00e4ude. Das Herz der Wiener Weihnacht ist der ber\u00fchmte <strong data-start=\"941\" data-end=\"961\">Christkindlmarkt<\/strong> vor dem majest\u00e4tischen Rathaus. Ein Marktplatz, wo sich der Duft von Tannengr\u00fcn, Lebkuchen und Gl\u00fchwein mischt.<\/p>\n<p data-start=\"774\" data-end=\"1477\">An Hunderten von St\u00e4nden findest du handgefertigten Schmuck, Holzspielzeug und traditionelle \u00f6sterreichische K\u00f6stlichkeiten. Vergiss auch nicht die <strong data-start=\"1167\" data-end=\"1194\">M\u00e4rkte beim Schloss Sch\u00f6nbrunn<\/strong>, die im Hof mit dem beleuchteten Barockpalast im Hintergrund stattfinden. Es ist ein Ort, der uns jedes Mal aufs Neue begeistert. Zauberhaft ist auch ein Spaziergang durch den \u00f6rtlichen Park, wo es viele Eichh\u00f6rnchen gibt.<\/p>\n<p data-start=\"774\" data-end=\"1477\">Und wenn du dich nach etwas Romantik sehnst, begib dich zur <strong data-start=\"1361\" data-end=\"1405\">Eisbahn vor dem Wiener Konzerthaus<\/strong>, wo du unter dem Sternenhimmel zu den Kl\u00e4ngen von Strauss-Walzern Schlittschuh laufen kannst.<\/p>\n<div id=\"attachment_2269\" style=\"width: 1930px\" class=\"wp-caption aligncenter\"><img loading=\"lazy\" decoding=\"async\" aria-describedby=\"caption-attachment-2269\" class=\"size-full wp-image-2269\" src=\"https:\/\/rakouskajezera.cz\/wp-content\/uploads\/2025\/11\/vienna-674855_1920.jpg\" alt=\"Advent in Wien\" width=\"1920\" height=\"812\" srcset=\"https:\/\/rakouskajezera.cz\/wp-content\/uploads\/2025\/11\/vienna-674855_1920.jpg 1920w, https:\/\/rakouskajezera.cz\/wp-content\/uploads\/2025\/11\/vienna-674855_1920-768x324.jpg 768w\" sizes=\"auto, (max-width: 1920px) 100vw, 1920px\" \/><p id=\"caption-attachment-2269\" class=\"wp-caption-text\">Advent in Wien &#8211; Belvedere<\/p><\/div>\n<p data-start=\"208\" data-end=\"231\"><strong data-start=\"208\" data-end=\"229\">Markttermine:<\/strong><\/p>\n<ul data-start=\"232\" data-end=\"454\">\n<li data-start=\"232\" data-end=\"346\">\n<p data-start=\"234\" data-end=\"346\"><strong data-start=\"234\" data-end=\"277\">Vienna Christmas Market am Rathausplatz<\/strong>: <strong data-start=\"279\" data-end=\"305\">14.11. \u2013 26.12.2025<\/strong>.<\/p>\n<\/li>\n<li data-start=\"347\" data-end=\"454\">\n<p data-start=\"349\" data-end=\"454\"><strong data-start=\"349\" data-end=\"363\">Sch\u00f6nbrunn<\/strong> (Weihnachten &amp; Neujahr): <strong data-start=\"385\" data-end=\"413\">06.11.2025 \u2013 06.01.2026<\/strong>.<\/p>\n<\/li>\n<\/ul>\n<p data-start=\"774\" data-end=\"1477\"><span style=\"color: #000000;\"><strong>Wo \u00fcbernachten: <\/strong><\/span><\/p>\n<ul>\n<li data-start=\"774\" data-end=\"1477\"><span style=\"color: #000000;\"><strong><a href=\"https:\/\/www.booking.com\/searchresults.cs.html?ss=V%C3%ADde%C5%88%2C+Spolkov%C3%A1+zem%C4%9B+V%C3%ADde%C5%88%2C+Rakousko&amp;ssne=%C5%A0t%C3%BDrsk%C3%BD+Hradec&amp;ssne_untouched=%C5%A0t%C3%BDrsk%C3%BD+Hradec&amp;label=mkt123sc-084e3146-9cb5-46a4-ae09-d2a0b5ff0457&amp;aid=347511&amp;lang=cs&amp;sb=1&amp;src_elem=sb&amp;src=searchresults&amp;dest_id=-1995499&amp;dest_type=city&amp;ac_position=0&amp;ac_click_type=b&amp;ac_langcode=cs&amp;ac_suggestion_list_length=2&amp;search_selected=true&amp;search_pageview_id=89eb6e385095197f&amp;ac_meta=GhA4OWViNmUzODUwOTUxOTdmIAAoATICY3M6BnbDrWRlbkAASgBQAA%3D%3D&amp;checkin=2025-12-10&amp;checkout=2025-12-14&amp;group_adults=2&amp;no_rooms=1&amp;group_children=0\" target=\"_blank\" rel=\"noopener\"><span style=\"color: #008000;\">Hotel Sacher Wien<\/span><\/a> \u2013 <\/strong>ikonisches Hotel gegen\u00fcber der Oper, erstklassiger Service<\/span><\/li>\n<\/ul>\n<hr \/>\n<p><span style=\"color: #000000;\"><strong>Das k\u00f6nnte Sie auch interessieren: <\/strong><\/span><\/p>\n<ul>\n<li><span style=\"color: #008000;\"><strong><a style=\"color: #008000;\" href=\"https:\/\/www.dovolenkarka.cz\/vanocni-trhy-v-hornim-rakousku\/\" target=\"_blank\" rel=\"noopener\">9 Tipps f\u00fcr die sch\u00f6nsten Weihnachtsm\u00e4rkte in Ober\u00f6sterreich<\/a><\/strong><\/span><\/li>\n<\/ul>\n<hr \/>\n<h2 data-start=\"1484\" data-end=\"1528\"><span class=\"ez-toc-section\" id=\"2_Advent_in_Salzburg_%E2%80%93_Stadt_der_Musik_und_Weihnachtslieder\"><\/span>2. Advent in Salzburg \u2013 Stadt der Musik und Weihnachtslieder<span class=\"ez-toc-section-end\"><\/span><\/h2>\n<p data-start=\"1530\" data-end=\"2055\">Das barocke Salzburg, eingebettet zwischen verschneiten Alpengipfeln, wirkt im Winter wie eine Stadt, in der die Zeit stehen geblieben ist. Die Salzburger Adventm\u00e4rkte geh\u00f6ren zu den \u00e4ltesten in Europa und ihre Atmosph\u00e4re ist unverwechselbar. In der Luft duften gebratene Maroni, und aus den umliegenden Kirchen erklingt die Musik Mozarts, des Sohnes der Stadt, auf den die Stadt zu Recht stolz ist.<\/p>\n<p style=\"text-align: center;\" data-start=\"1530\" data-end=\"2055\"><span style=\"color: #008000;\"><a style=\"color: #008000;\" href=\"https:\/\/www.booking.com\/searchresults.cs.html?ss=Salcburk%2C+Salcbursko+%28Salzburg+-+okol%C3%AD%29%2C+Rakousko&amp;ssne=Praha&amp;ssne_untouched=Praha&amp;label=mkt123sc-084e3146-9cb5-46a4-ae09-d2a0b5ff0457&amp;aid=347511&amp;lang=cs&amp;sb=1&amp;src_elem=sb&amp;src=searchresults&amp;dest_id=-1989985&amp;dest_type=city&amp;ac_position=0&amp;ac_click_type=b&amp;ac_langcode=cs&amp;ac_suggestion_list_length=2&amp;search_selected=true&amp;search_pageview_id=eeac6ec12702167d&amp;ac_meta=GhBlZWFjNmVjMTI3MDIxNjdkIAAoATICY3M6BnNhbHpidUAASgBQAA%3D%3D&amp;checkin=2025-12-10&amp;checkout=2025-12-14&amp;group_adults=2&amp;no_rooms=1&amp;group_children=0\" target=\"_blank\" rel=\"noopener\"><strong><em>&gt;&gt; Unterkunft in Salzburg finden <\/em><\/strong><\/a><\/span><\/p>\n<div id=\"attachment_2273\" style=\"width: 2170px\" class=\"wp-caption aligncenter\"><a href=\"https:\/\/www.booking.com\/searchresults.cs.html?ss=Salcburk%2C+Salcbursko+%28Salzburg+-+okol%C3%AD%29%2C+Rakousko&amp;ssne=Praha&amp;ssne_untouched=Praha&amp;label=mkt123sc-084e3146-9cb5-46a4-ae09-d2a0b5ff0457&amp;aid=347511&amp;lang=cs&amp;sb=1&amp;src_elem=sb&amp;src=searchresults&amp;dest_id=-1989985&amp;dest_type=city&amp;ac_position=0&amp;ac_click_type=b&amp;ac_langcode=cs&amp;ac_suggestion_list_length=2&amp;search_selected=true&amp;search_pageview_id=eeac6ec12702167d&amp;ac_meta=GhBlZWFjNmVjMTI3MDIxNjdkIAAoATICY3M6BnNhbHpidUAASgBQAA%3D%3D&amp;checkin=2025-12-10&amp;checkout=2025-12-14&amp;group_adults=2&amp;no_rooms=1&amp;group_children=0\" target=\"_blank\" rel=\"noopener\"><img loading=\"lazy\" decoding=\"async\" aria-describedby=\"caption-attachment-2273\" class=\"size-full wp-image-2273\" src=\"https:\/\/rakouskajezera.cz\/wp-content\/uploads\/2025\/11\/Obrazek-75.jpg\" alt=\"Advent in \u00d6sterreich\" width=\"2160\" height=\"1189\" srcset=\"https:\/\/rakouskajezera.cz\/wp-content\/uploads\/2025\/11\/Obrazek-75.jpg 2160w, https:\/\/rakouskajezera.cz\/wp-content\/uploads\/2025\/11\/Obrazek-75-768x422.jpg 768w\" sizes=\"auto, (max-width: 2160px) 100vw, 2160px\" \/><\/a><p id=\"caption-attachment-2273\" class=\"wp-caption-text\">Advent in Salzburg \/ \u00a9Tourismus Salzburg GmbH \/ G.Breitegger<\/p><\/div>\n<p data-start=\"1530\" data-end=\"2055\">Nur ein St\u00fcck entfernt, im Ort <strong data-start=\"1855\" data-end=\"1868\">Oberndorf<\/strong>, steht die <strong data-start=\"1876\" data-end=\"1896\">Stille-Nacht-Kapelle<\/strong>, wo das ber\u00fchmte Weihnachtslied <em data-start=\"1938\" data-end=\"1952\">Stille Nacht<\/em> zum ersten Mal gesungen wurde. Salzburg ist somit der ideale Ort f\u00fcr alle, die Weihnachtsstimmung mit Geschichte und Kultur verbinden m\u00f6chten.<\/p>\n<p data-start=\"1530\" data-end=\"2055\">Der komplette Guide zu den Weihnachtsm\u00e4rkten in Salzburg:<\/p>\n<ul>\n<li data-start=\"1530\" data-end=\"2055\"><a href=\"https:\/\/www.dovolenkarka.cz\/vanocni-trhy-salzburg\/\" target=\"_blank\" rel=\"noopener\"><span style=\"color: #008000;\"><strong>Weihnachtsm\u00e4rkte Salzburg &#8211; Was du sehen und erleben kannst + Unterkunft<\/strong><\/span><\/a><\/li>\n<\/ul>\n<hr \/>\n<h2 data-start=\"2062\" data-end=\"2114\"><span class=\"ez-toc-section\" id=\"3_Innsbruck_%E2%80%93_Alpen_Glanz_und_festliches_Abenteuer\"><\/span>3. Innsbruck \u2013 Alpen, Glanz und festliches Abenteuer<span class=\"ez-toc-section-end\"><\/span><\/h2>\n<p data-start=\"2116\" data-end=\"2593\">Die Hauptstadt Tirols lockt Bergliebhaber und Liebhaber der festlichen Atmosph\u00e4re an. Freue dich hier auf einen traditionellen Advent in \u00d6sterreich, wo sich die Weihnachtsm\u00e4rkte zwischen mittelalterlichen H\u00e4usern vor der Kulisse verschneiter Berge erstrecken. Dominant ist der Swarovski-Kristallbaum am Hauptplatz, der abends in tausend Reflexionen gl\u00e4nzt.<\/p>\n<p data-start=\"2116\" data-end=\"2593\">Nur wenige Minuten mit der Seilbahn bringen dich auf den Gipfel der Nordkette, wo sich ein atemberaubendes Panorama der Winterlandschaft er\u00f6ffnet. Innsbruck verbindet das Beste aus beiden Welten: den weihnachtlichen Zauber der Stadt und das Adrenalin-Abenteuer auf den Skipisten.<\/p>\n<p style=\"text-align: center;\" data-start=\"2116\" data-end=\"2593\"><span style=\"color: #008000;\"><a style=\"color: #008000;\" href=\"https:\/\/www.booking.com\/searchresults.cs.html?ss=Innsbruck%2C+Tyrol%2C+Austria&amp;ssne=Fuschl+am+See&amp;ssne_untouched=Fuschl+am+See&amp;label=mkt123sc-084e3146-9cb5-46a4-ae09-d2a0b5ff0457&amp;aid=347511&amp;lang=cs&amp;sb=1&amp;src_elem=sb&amp;src=searchresults&amp;dest_id=-1981445&amp;dest_type=city&amp;ac_position=0&amp;ac_click_type=b&amp;ac_langcode=en&amp;ac_suggestion_list_length=5&amp;search_selected=true&amp;search_pageview_id=f9b96ee6b3de06c5&amp;ac_meta=GhBmOWI5NmVlNmIzZGUwNmM1IAAoATICZW46CUlubnNicnVja0AASgBQAA%3D%3D&amp;checkin=2025-12-10&amp;checkout=2025-12-14&amp;group_adults=2&amp;no_rooms=1&amp;group_children=0\" target=\"_blank\" rel=\"noopener\"><em><strong>&gt;&gt; Unterkunft in Innsbruck finden <\/strong><\/em><\/a><\/span><\/p>\n<div id=\"attachment_2271\" style=\"width: 2010px\" class=\"wp-caption aligncenter\"><a href=\"https:\/\/www.booking.com\/searchresults.cs.html?ss=Innsbruck%2C+Tyrol%2C+Austria&amp;ssne=Fuschl+am+See&amp;ssne_untouched=Fuschl+am+See&amp;label=mkt123sc-084e3146-9cb5-46a4-ae09-d2a0b5ff0457&amp;aid=347511&amp;lang=cs&amp;sb=1&amp;src_elem=sb&amp;src=searchresults&amp;dest_id=-1981445&amp;dest_type=city&amp;ac_position=0&amp;ac_click_type=b&amp;ac_langcode=en&amp;ac_suggestion_list_length=5&amp;search_selected=true&amp;search_pageview_id=f9b96ee6b3de06c5&amp;ac_meta=GhBmOWI5NmVlNmIzZGUwNmM1IAAoATICZW46CUlubnNicnVja0AASgBQAA%3D%3D&amp;checkin=2025-12-10&amp;checkout=2025-12-14&amp;group_adults=2&amp;no_rooms=1&amp;group_children=0\" target=\"_blank\" rel=\"noopener\"><img loading=\"lazy\" decoding=\"async\" aria-describedby=\"caption-attachment-2271\" class=\"size-full wp-image-2271\" src=\"https:\/\/rakouskajezera.cz\/wp-content\/uploads\/2025\/11\/Obrazek-73.jpg\" alt=\"Advent in \u00d6sterreich\" width=\"2000\" height=\"1333\" srcset=\"https:\/\/rakouskajezera.cz\/wp-content\/uploads\/2025\/11\/Obrazek-73.jpg 2000w, https:\/\/rakouskajezera.cz\/wp-content\/uploads\/2025\/11\/Obrazek-73-768x511.jpg 768w\" sizes=\"auto, (max-width: 2000px) 100vw, 2000px\" \/><\/a><p id=\"caption-attachment-2271\" class=\"wp-caption-text\">Advent in Innsbruck \/ \u00a9 Innsbruck Tourismus \/ Daniel Zangerl<\/p><\/div>\n<p data-start=\"2116\" data-end=\"2593\">Der komplette Guide zu den Weihnachtsm\u00e4rkten in Innsbruck:<\/p>\n<ul>\n<li data-start=\"2116\" data-end=\"2593\"><span style=\"color: #008000;\"><strong><a style=\"color: #008000;\" href=\"https:\/\/www.dovolenkarka.cz\/vanocni-trhy-innsbruck\/\" target=\"_blank\" rel=\"noopener\">Weihnachtsm\u00e4rkte Innsbruck &#8211; Was du sehen kannst, wo du \u00fcbernachten und essen kannst<\/a><\/strong><\/span><\/li>\n<\/ul>\n<p>Begib dich vor Weihnachten auf die Gletscher und genie\u00dfe tags\u00fcber Skifahren und abends den Advent in der Stadt:<\/p>\n<ul>\n<li><span style=\"color: #008000;\"><strong><a style=\"color: #008000;\" href=\"https:\/\/www.dovolenkarka.cz\/9-tipu-na-ledovce-v-rakousku\/\" target=\"_blank\" rel=\"noopener\">9 Tipps f\u00fcr Gletscher in \u00d6sterreich<\/a><\/strong><\/span><\/li>\n<\/ul>\n<hr \/>\n<h2 data-start=\"2600\" data-end=\"2642\"><span class=\"ez-toc-section\" id=\"4_Hallstatt_%E2%80%93_Advent_in_Oesterreich\"><\/span>4. Hallstatt &#8211; Advent in \u00d6sterreich<span class=\"ez-toc-section-end\"><\/span><\/h2>\n<p data-start=\"2644\" data-end=\"3116\">Hallstatt, ein kleines Dorf inmitten von Bergen und einem See, ist wie einer Weihnachtspostkarte entsprungen. Seine engen Gassen s\u00e4umen H\u00e4user, die mit Weihnachtsbeleuchtung geschm\u00fcckt sind, deren Reflexionen sich auf der Seeoberfl\u00e4che spiegeln.<\/p>\n<p data-start=\"2644\" data-end=\"3116\">Der lokale Weihnachtsmarkt ist klein, aber umso zauberhafter. Du findest hier viele traditionelle Produkte und D\u00fcfte. Wir empfehlen eine <strong data-start=\"2958\" data-end=\"2978\">Bootsfahrt auf dem See<\/strong>, von wo aus sich ein einzigartiger Blick auf die gesamte verschneite Stadt bietet. Hallstatt kann dich einfach auch im Winter verzaubern.<\/p>\n<p data-start=\"2644\" data-end=\"3116\">Der komplette Guide f\u00fcr den Advent in Hallstatt:<\/p>\n<ul>\n<li data-start=\"2644\" data-end=\"3116\"><span style=\"color: #008000;\"><strong><a style=\"color: #008000;\" href=\"https:\/\/rakouskajezera.cz\/de\/hallstaetter-weihnachtsmarkt-2025-was-es-zu-sehen-gibt-wo-man-uebernachten-und-essen-kann\/\" target=\"_blank\" rel=\"noopener\">Weihnachtsm\u00e4rkte Hallstatt &#8211; Was und wann du sehen kannst, wo du \u00fcbernachten und essen kannst <\/a><\/strong><\/span><\/li>\n<\/ul>\n<div id=\"attachment_2272\" style=\"width: 1744px\" class=\"wp-caption aligncenter\"><img loading=\"lazy\" decoding=\"async\" aria-describedby=\"caption-attachment-2272\" class=\"size-full wp-image-2272\" src=\"https:\/\/rakouskajezera.cz\/wp-content\/uploads\/2025\/11\/Obrazek-35.jpg\" alt=\"Advent in \u00d6sterreich\" width=\"1734\" height=\"1026\" srcset=\"https:\/\/rakouskajezera.cz\/wp-content\/uploads\/2025\/11\/Obrazek-35.jpg 1734w, https:\/\/rakouskajezera.cz\/wp-content\/uploads\/2025\/11\/Obrazek-35-768x454.jpg 768w\" sizes=\"auto, (max-width: 1734px) 100vw, 1734px\" \/><p id=\"caption-attachment-2272\" class=\"wp-caption-text\">Advent in Hallstatt<\/p><\/div>\n<hr \/>\n<h2 data-start=\"2644\" data-end=\"3116\"><span class=\"ez-toc-section\" id=\"5_Advent_in_Zell_am_See\"><\/span>5. Advent in Zell am See<span class=\"ez-toc-section-end\"><\/span><\/h2>\n<p data-start=\"3171\" data-end=\"3732\">An den Ufern des Zeller Sees erstreckt sich eine lebendige Kleinstadt, umgeben von Berggipfeln. Im Winter verwandelt sie sich in eine paradiesische Szenerie voller Lichter und Schnee. Die Weihnachtsm\u00e4rkte finden hier direkt am Wasser statt, zwischen St\u00e4nden mit Handwerksprodukten, hei\u00dfer Schokolade und Gl\u00fchwein. Du kannst mit der <strong data-start=\"3446\" data-end=\"3467\">Schmittenh\u00f6hebahn<\/strong> auf den Gipfel fahren, von wo aus sich ein Blick auf die gesamte Stadt und den See er\u00f6ffnet.<\/p>\n<div id=\"attachment_2266\" style=\"width: 1930px\" class=\"wp-caption aligncenter\"><img loading=\"lazy\" decoding=\"async\" aria-describedby=\"caption-attachment-2266\" class=\"size-full wp-image-2266\" src=\"https:\/\/rakouskajezera.cz\/wp-content\/uploads\/2025\/11\/snow-3264598_1920.jpg\" alt=\"Advent in Zell am See\" width=\"1920\" height=\"1068\" srcset=\"https:\/\/rakouskajezera.cz\/wp-content\/uploads\/2025\/11\/snow-3264598_1920.jpg 1920w, https:\/\/rakouskajezera.cz\/wp-content\/uploads\/2025\/11\/snow-3264598_1920-768x427.jpg 768w\" sizes=\"auto, (max-width: 1920px) 100vw, 1920px\" \/><p id=\"caption-attachment-2266\" class=\"wp-caption-text\">Winter in Zell am See<\/p><\/div>\n<p data-start=\"3171\" data-end=\"3732\">Und wenn du dich nach einem echten Wintererlebnis sehnst, begib dich zum <strong data-start=\"3586\" data-end=\"3614\">Kitzsteinhorn-Gletscher<\/strong>, der vor Weihnachten perfekte Bedingungen zum Skifahren bietet. Zell am See verbindet alpine Natur, sportliche Aktivit\u00e4ten und festliche Gem\u00fctlichkeit in perfekter Balance.<\/p>\n<p data-start=\"2371\" data-end=\"2394\"><strong data-start=\"2371\" data-end=\"2392\">Markttermine 2025<\/strong><\/p>\n<ul data-start=\"2395\" data-end=\"2590\">\n<li data-start=\"2395\" data-end=\"2590\">\n<p data-start=\"2397\" data-end=\"2590\"><strong data-start=\"2397\" data-end=\"2444\">Sternenadventmarkt am See (Elisabethpark)<\/strong>: <strong data-start=\"2446\" data-end=\"2472\">20.11. \u2013 31.12.2025:<\/strong> 20.11.\u201314. 12. Do\u2013So; ab <strong data-start=\"2505\" data-end=\"2516\">18.12.<\/strong> t\u00e4glich (Heiligabend 10:00\u201314:00 Uhr).<\/p>\n<\/li>\n<\/ul>\n<p><span style=\"color: #000000;\"><strong>Wo \u00fcbernachten:<\/strong><\/span><\/p>\n<ul>\n<li><span style=\"color: #008000;\"><strong><a style=\"color: #008000;\" href=\"https:\/\/www.booking.com\/searchresults.cs.html?ss=Zell+am+See%2C+Salzburg%2C+Austria&amp;ssne=Praha&amp;ssne_untouched=Praha&amp;label=mkt123sc-c8b85fc3-6153-4fd4-9953-585fa509a538&amp;aid=347511&amp;lang=cs&amp;sb=1&amp;src_elem=sb&amp;src=searchresults&amp;dest_id=-1996247&amp;dest_type=city&amp;ac_position=0&amp;ac_click_type=b&amp;ac_langcode=en&amp;ac_suggestion_list_length=5&amp;search_selected=true&amp;search_pageview_id=501f6df3425a1179&amp;ac_meta=GhA1MDFmNmRmMzQyNWExMTc5IAAoATICZW46C1pFbGwgYW0gU2VlQABKAFAA&amp;checkin=2025-12-10&amp;checkout=2025-12-14&amp;group_adults=2&amp;no_rooms=1&amp;group_children=0\" target=\"_blank\" rel=\"noopener\">Hotel Salzburgerhof (5\u2605 superior)<\/a><\/strong><\/span> \u2013 erstklassiges Spa, eleganter Service, beliebt bei anspruchsvollen G\u00e4sten.<\/li>\n<li><span style=\"color: #008000;\"><strong><a style=\"color: #008000;\" href=\"https:\/\/www.booking.com\/searchresults.cs.html?ss=Zell+am+See%2C+Salzburg%2C+Austria&amp;ssne=Praha&amp;ssne_untouched=Praha&amp;label=mkt123sc-c8b85fc3-6153-4fd4-9953-585fa509a538&amp;aid=347511&amp;lang=cs&amp;sb=1&amp;src_elem=sb&amp;src=searchresults&amp;dest_id=-1996247&amp;dest_type=city&amp;ac_position=0&amp;ac_click_type=b&amp;ac_langcode=en&amp;ac_suggestion_list_length=5&amp;search_selected=true&amp;search_pageview_id=501f6df3425a1179&amp;ac_meta=GhA1MDFmNmRmMzQyNWExMTc5IAAoATICZW46C1pFbGwgYW0gU2VlQABKAFAA&amp;checkin=2025-12-10&amp;checkout=2025-12-14&amp;group_adults=2&amp;no_rooms=1&amp;group_children=0\" target=\"_blank\" rel=\"noopener\">Eigene Unterkunft in Zell am See finden<\/a><\/strong><\/span><\/li>\n<\/ul>\n<hr \/>\n<h2 data-start=\"3739\" data-end=\"3782\"><span class=\"ez-toc-section\" id=\"6_Graz_%E2%80%93_Advent_in_Oesterreich\"><\/span>6. Graz \u2013 Advent in \u00d6sterreich<span class=\"ez-toc-section-end\"><\/span><\/h2>\n<p data-start=\"3784\" data-end=\"4312\">Die zweitgr\u00f6\u00dfte Stadt \u00d6sterreichs wird im Advent oft \u00fcbersehen, dabei bietet sie eine v\u00f6llig einzigartige Atmosph\u00e4re. Das historische Zentrum, das zum UNESCO-Weltkulturerbe geh\u00f6rt, schm\u00fccken kleinere, aber umso gem\u00fctlichere Weihnachtsm\u00e4rkte.<\/p>\n<p data-start=\"3784\" data-end=\"4312\">Eine der gr\u00f6\u00dften Attraktionen ist die <strong data-start=\"4012\" data-end=\"4038\">aus Eis geschnitzte Krippe<\/strong>, die jedes Jahr Tausende von Besuchern bewundern. Der Aufstieg auf den <strong data-start=\"4095\" data-end=\"4110\">Schlossberg<\/strong> mit Blick auf die Stadt ist ein Muss, besonders abends, wenn ganz Graz in Lichtern und Laternen erstrahlt. Und die lokale Gastronomie? Von traditionellen steirischen Tavernen bis hin zu modernen Restaurants. Wir glauben, dass jeder etwas Passendes findet.<\/p>\n<div id=\"attachment_2267\" style=\"width: 1938px\" class=\"wp-caption aligncenter\"><img loading=\"lazy\" decoding=\"async\" aria-describedby=\"caption-attachment-2267\" class=\"size-full wp-image-2267\" src=\"https:\/\/rakouskajezera.cz\/wp-content\/uploads\/2025\/11\/Obrazek-60.jpg\" alt=\"Advent in \u00d6sterreich\" width=\"1928\" height=\"1084\" srcset=\"https:\/\/rakouskajezera.cz\/wp-content\/uploads\/2025\/11\/Obrazek-60.jpg 1928w, https:\/\/rakouskajezera.cz\/wp-content\/uploads\/2025\/11\/Obrazek-60-768x431.jpg 768w\" sizes=\"auto, (max-width: 1928px) 100vw, 1928px\" \/><p id=\"caption-attachment-2267\" class=\"wp-caption-text\">(c) Graz Tourismus<\/p><\/div>\n<p data-start=\"2952\" data-end=\"2975\"><strong data-start=\"2952\" data-end=\"2973\">Markttermine 2025<\/strong><\/p>\n<ul data-start=\"2976\" data-end=\"3096\">\n<li data-start=\"2976\" data-end=\"3096\">\n<p data-start=\"2978\" data-end=\"3096\"><strong data-start=\"2978\" data-end=\"3025\">Advent in Graz (mehrere kleinere M\u00e4rkte im Zentrum)<\/strong>: <strong data-start=\"3027\" data-end=\"3053\">21.11. \u2013 24.12.2025<\/strong>.<\/p>\n<\/li>\n<\/ul>\n<p data-start=\"2978\" data-end=\"3096\"><span style=\"color: #000000;\"><strong>Wo \u00fcbernachten:<\/strong><\/span><\/p>\n<ul>\n<li data-start=\"2978\" data-end=\"3096\"><a href=\"https:\/\/www.booking.com\/searchresults.cs.html?ss=%C5%A0t%C3%BDrsk%C3%BD+Hradec%2C+%C5%A0t%C3%BDrsko%2C+Rakousko&amp;ssne=Traunsee&amp;ssne_untouched=Traunsee&amp;label=mkt123sc-084e3146-9cb5-46a4-ae09-d2a0b5ff0457&amp;aid=347511&amp;lang=cs&amp;sb=1&amp;src_elem=sb&amp;src=searchresults&amp;dest_id=-1978544&amp;dest_type=city&amp;ac_position=0&amp;ac_click_type=b&amp;ac_langcode=cs&amp;ac_suggestion_list_length=5&amp;search_selected=true&amp;search_pageview_id=17026dd67cb80e10&amp;ac_meta=GhAxNzAyNmRkNjdjYjgwZTEwIAAoATICY3M6BGdyYXpAAEoAUAA%3D&amp;checkin=2025-12-10&amp;checkout=2025-12-14&amp;group_adults=2&amp;no_rooms=1&amp;group_children=0\" target=\"_blank\" rel=\"noopener\"><span style=\"color: #000000;\"><strong><span style=\"color: #008000;\">Schlossberghotel:<\/span><\/strong><\/span><span style=\"color: #008000;\"> <span style=\"color: #000000;\">Boutique-Hotel unter dem Uhrturm<\/span><\/span><\/a><span style=\"color: #000000;\">, Terrasse mit Pool und tolle Lage im historischen Zentrum<\/span><\/li>\n<\/ul>\n<hr \/>\n<h2 data-start=\"361\" data-end=\"380\"><span class=\"ez-toc-section\" id=\"7_Weihnachtsmaerkte_in_Fuschl_am_See\"><\/span>7. Weihnachtsm\u00e4rkte in Fuschl am See<span class=\"ez-toc-section-end\"><\/span><\/h2>\n<p data-start=\"381\" data-end=\"792\">Der Advent in \u00d6sterreich, in der Umgebung des Fuschlsees, hat eine v\u00f6llig andere Atmosph\u00e4re als die Gro\u00dfstadtm\u00e4rkte. Kleine St\u00e4nde am Kirchplatz, lokale B\u00e4cker, ein paar Handwerker und Leute, die sich alle kennen.<\/p>\n<p data-start=\"381\" data-end=\"792\">Es gibt hier keine Hektik oder Warteschlangen, nur die Kulisse eines wundersch\u00f6nen Sees, Lichter auf der Wasseroberfl\u00e4che und eine Ruhe, die heute schwer zu finden ist. Der elegante Fuschlsee ist ein idealer Zwischenstopp f\u00fcr alle, die den Advent lieber gem\u00fctlich erleben m\u00f6chten.<\/p>\n<p data-start=\"381\" data-end=\"792\"><strong data-start=\"717\" data-end=\"733\">Termin 2025:<\/strong> 29. November \u2013 21. Dezember 2025<\/p>\n<p data-start=\"381\" data-end=\"792\">Der Advent am Fuschlsee geh\u00f6rt zwar nicht zu den gr\u00f6\u00dften, ist aber einer unserer Favoriten, zu dem wir gerne zur\u00fcckkehren. Neben dem Hauptweihnachtsmarkt in Fuschl am See kannst du auch die Schlossm\u00e4rkte beim Schloss Fuschl auf der anderen Seeseite besuchen.<\/p>\n<p style=\"text-align: center;\" data-start=\"381\" data-end=\"792\"><span style=\"color: #008000;\"><strong><em><a style=\"color: #008000;\" href=\"https:\/\/www.booking.com\/searchresults.cs.html?aid=347511&amp;label=mkt123sc-084e3146-9cb5-46a4-ae09-d2a0b5ff0457&amp;sid=2ec81714fa30d6b6b49f17286c59a3f3&amp;sb=1&amp;src=hotel&amp;src_elem=sb&amp;error_url=https%3A%2F%2Fwww.booking.com%2Fhotel%2Fat%2Frosewood-schloss-fuschl.cs.html%3Faid%3D347511%26label%3Dmkt123sc-084e3146-9cb5-46a4-ae09-d2a0b5ff0457%26sid%3D2ec81714fa30d6b6b49f17286c59a3f3%26all_sr_blocks%3D1158559801_389210903_2_1_0%3Bcheckin%3D2025-12-10%3Bcheckout%3D2025-12-14%3Bdest_id%3D49620%3Bdest_type%3Dhotel%3Bdist%3D0%3Bgroup_adults%3D2%3Bgroup_children%3D0%3Bhapos%3D13%3Bhighlighted_blocks%3D1158559801_389210903_2_1_0%3Bhpos%3D13%3Bmatching_block_id%3D1158559801_389210903_2_1_0%3Bno_rooms%3D1%3Breq_adults%3D2%3Breq_children%3D0%3Broom1%3DA%252CA%3Bsb_price_type%3Dtotal%3Bsr_order%3Dpopularity%3Bsr_pri_blocks%3D1158559801_389210903_2_1_0__218800%3Bsrepoch%3D1763394472%3Bsrpvid%3Df9b96ee6b3de06c5%3Btype%3Dtotal%3Bucfs%3D1%26&amp;highlighted_hotels=11585598&amp;hp_sbox=1&amp;ss=Hof+bei+Salzburg&amp;is_ski_area=0&amp;ssne=Hof+bei+Salzburg&amp;ssne_untouched=Hof+bei+Salzburg&amp;dest_id=49620&amp;dest_type=hotel&amp;checkin_year=2025&amp;checkin_month=12&amp;checkin_monthday=10&amp;checkout_year=2025&amp;checkout_month=12&amp;checkout_monthday=14&amp;group_adults=2&amp;group_children=0&amp;no_rooms=1&amp;from_sf=1\" target=\"_blank\" rel=\"noopener\">&gt;&gt; Unterkunft am Fuschlsee finden<\/a><\/em><\/strong><\/span><\/p>\n<h3 data-start=\"381\" data-end=\"792\"><span class=\"ez-toc-section\" id=\"7_1_Weihnachtsmaerkte_beim_Schloss_Fuschl\"><\/span>7. 1. Weihnachtsm\u00e4rkte beim Schloss Fuschl<span class=\"ez-toc-section-end\"><\/span><\/h3>\n<p data-start=\"381\" data-end=\"792\">Zwischen dem 29. November und 22. Dezember 2025 bietet <span style=\"color: #008000;\"><a style=\"color: #008000;\" href=\"https:\/\/www.booking.com\/hotel\/at\/rosewood-schloss-fuschl.cs.html?aid=347511&amp;label=mkt123sc-084e3146-9cb5-46a4-ae09-d2a0b5ff0457&amp;sid=2ec81714fa30d6b6b49f17286c59a3f3&amp;all_sr_blocks=1158559801_389210903_2_1_0&amp;checkin=2025-12-10&amp;checkout=2025-12-14&amp;dest_id=49620&amp;dest_type=hotel&amp;dist=0&amp;group_adults=2&amp;group_children=0&amp;hapos=13&amp;highlighted_blocks=1158559801_389210903_2_1_0&amp;hpos=13&amp;matching_block_id=1158559801_389210903_2_1_0&amp;no_rooms=1&amp;req_adults=2&amp;req_children=0&amp;room1=A%2CA&amp;sb_price_type=total&amp;sr_order=popularity&amp;sr_pri_blocks=1158559801_389210903_2_1_0__218800&amp;srepoch=1763394472&amp;srpvid=f9b96ee6b3de06c5&amp;type=total&amp;ucfs=1hotelTmpl\" target=\"_blank\" rel=\"noopener\">Rosewood Schloss Fuschl<\/a> <\/span>jedes Adventwochenende einen Wintermarkt mit lokalen Handwerksprodukten und Gourmet-K\u00f6stlichkeiten an. Am Sonntagnachmittag finden hier auch Live-Konzerte im festlichen historischen Saal in Zusammenarbeit mit dem renommierten Mozarteum statt.<\/p>\n<p data-start=\"381\" data-end=\"792\">Der Eintritt zum Markt und zu den Konzerten ist kostenlos. F\u00fcr das Konzert ist jedoch eine vorherige Anmeldung per E-Mail erforderlich.<\/p>\n<div id=\"attachment_2260\" style=\"width: 1376px\" class=\"wp-caption aligncenter\"><img loading=\"lazy\" decoding=\"async\" aria-describedby=\"caption-attachment-2260\" class=\"size-full wp-image-2260\" src=\"https:\/\/rakouskajezera.cz\/wp-content\/uploads\/2025\/11\/Obrazek-62.jpg\" alt=\"Advent in \u00d6sterreich - Rosewood Schloss Fuschl\" width=\"1366\" height=\"768\" srcset=\"https:\/\/rakouskajezera.cz\/wp-content\/uploads\/2025\/11\/Obrazek-62.jpg 1366w, https:\/\/rakouskajezera.cz\/wp-content\/uploads\/2025\/11\/Obrazek-62-768x431.jpg 768w\" sizes=\"auto, (max-width: 1366px) 100vw, 1366px\" \/><p id=\"caption-attachment-2260\" class=\"wp-caption-text\">(c) Rosewood Schloss Fuschl<\/p><\/div>\n<p><strong data-start=\"770\" data-end=\"790\">Wo \u00fcbernachten am Fuschlsee:<\/strong><\/p>\n<ul>\n<li data-start=\"793\" data-end=\"899\">\n<p data-start=\"795\" data-end=\"899\"><strong data-start=\"795\" data-end=\"810\">Hotel Jakob<\/strong> \u2013 kleineres Hotel mit famili\u00e4rer Atmosph\u00e4re, wenige Gehminuten vom See entfernt, sehr gute Bewertungen.<\/p>\n<\/li>\n<li data-start=\"900\" data-end=\"1036\"><a href=\"https:\/\/rakouskajezera.cz\/5-tipu-na-ubytovani-u-fuschlsee\/\" target=\"_blank\" rel=\"noopener\"><span style=\"color: #008000;\"><strong>5 Tipps f\u00fcr Unterk\u00fcnfte am Fuschlsee<\/strong><\/span><\/a><\/li>\n<\/ul>\n<hr \/>\n<p style=\"text-align: center;\"><span style=\"color: #000000;\"><strong>Planst du im Sommer zum Fuschlsee zu fahren? Unsere Ausflugstipps werden dir n\u00fctzlich sein: <\/strong><\/span><\/p>\n<p style=\"text-align: center;\"><span style=\"color: #008000;\"><strong><a style=\"color: #008000;\" href=\"https:\/\/rakouskajezera.cz\/fuschlsee-7-tipu-co-zde-zazit\/\" target=\"_blank\" rel=\"noopener\">Fuschlsee &#8211; 7 Tipps f\u00fcr Ausfl\u00fcge und Orte, die du hier sehen kannst<\/a><\/strong><\/span><\/p>\n<hr \/>\n<h3 data-start=\"1043\" data-end=\"1060\"><span class=\"ez-toc-section\" id=\"7_2_Luxusunterkunft_am_Fuschlsee\"><\/span>7. 2. Luxusunterkunft am Fuschlsee<span class=\"ez-toc-section-end\"><\/span><\/h3>\n<p data-start=\"1043\" data-end=\"1060\">Wie w\u00e4re es mit einem vorgezogenen Weihnachtsgeschenk in Form einer Luxusunterkunft am Fuschlsee? <span style=\"color: #008000;\"><a style=\"color: #008000;\" href=\"https:\/\/www.booking.com\/hotel\/at\/rosewood-schloss-fuschl.cs.html?aid=347511&amp;label=mkt123sc-084e3146-9cb5-46a4-ae09-d2a0b5ff0457&amp;sid=2ec81714fa30d6b6b49f17286c59a3f3&amp;all_sr_blocks=1158559801_389210903_2_1_0&amp;checkin=2025-12-10&amp;checkout=2025-12-14&amp;dest_id=49620&amp;dest_type=hotel&amp;dist=0&amp;group_adults=2&amp;group_children=0&amp;hapos=13&amp;highlighted_blocks=1158559801_389210903_2_1_0&amp;hpos=13&amp;matching_block_id=1158559801_389210903_2_1_0&amp;no_rooms=1&amp;req_adults=2&amp;req_children=0&amp;room1=A%2CA&amp;sb_price_type=total&amp;sr_order=popularity&amp;sr_pri_blocks=1158559801_389210903_2_1_0__218800&amp;srepoch=1763394472&amp;srpvid=f9b96ee6b3de06c5&amp;type=total&amp;ucfs=1hotelTmpl\" target=\"_blank\" rel=\"noopener\">Du kannst direkt im Schloss Fuschl \u00fcbernachten<\/a>,<\/span> oder auf der anderen Seeseite, direkt in Fuschl am See, im Waldhof Fuschlsee Resort.<\/p>\n<h3 data-start=\"1043\" data-end=\"1060\"><span class=\"ez-toc-section\" id=\"Waldhof_Fuschlsee_Resort\"><\/span><span style=\"color: #000000;\"><strong><a style=\"color: #000000;\" href=\"https:\/\/www.booking.com\/searchresults.cs.html?ss=Waldhof+Fuschlsee+Resort%2C+Fuschl+am+See%2C+Salzburg%2C+Austria&amp;ssne=Salcburk&amp;ssne_untouched=Salcburk&amp;label=mkt123sc-084e3146-9cb5-46a4-ae09-d2a0b5ff0457&amp;aid=347511&amp;lang=cs&amp;sb=1&amp;src_elem=sb&amp;src=searchresults&amp;dest_id=49620&amp;dest_type=hotel&amp;ac_position=1&amp;ac_click_type=b&amp;ac_langcode=en&amp;ac_suggestion_list_length=5&amp;search_selected=true&amp;search_pageview_id=8a256ec6599e020c&amp;ac_meta=GhA4YTI1NmVjNjU5OWUwMjBjIAEoATICZW46CWZ1c2NobHNlZUAASgBQAA%3D%3D&amp;checkin=2025-12-10&amp;checkout=2025-12-14&amp;group_adults=2&amp;no_rooms=1&amp;group_children=0\" target=\"_blank\" rel=\"noopener\">Waldhof Fuschlsee Resort<\/a><\/strong><\/span><span class=\"ez-toc-section-end\"><\/span><\/h3>\n<blockquote><p><span style=\"color: #008000;\"><a style=\"color: #008000;\" href=\"https:\/\/www.booking.com\/searchresults.cs.html?ss=Waldhof+Fuschlsee+Resort%2C+Fuschl+am+See%2C+Salzburg%2C+Austria&amp;ssne=Salcburk&amp;ssne_untouched=Salcburk&amp;label=mkt123sc-084e3146-9cb5-46a4-ae09-d2a0b5ff0457&amp;aid=347511&amp;lang=cs&amp;sb=1&amp;src_elem=sb&amp;src=searchresults&amp;dest_id=49620&amp;dest_type=hotel&amp;ac_position=1&amp;ac_click_type=b&amp;ac_langcode=en&amp;ac_suggestion_list_length=5&amp;search_selected=true&amp;search_pageview_id=8a256ec6599e020c&amp;ac_meta=GhA4YTI1NmVjNjU5OWUwMjBjIAEoATICZW46CWZ1c2NobHNlZUAASgBQAA%3D%3D&amp;checkin=2025-12-10&amp;checkout=2025-12-14&amp;group_adults=2&amp;no_rooms=1&amp;group_children=0\" target=\"_blank\" rel=\"noopener\"><strong><em>&gt; PREIS UND VERF\u00dcGBARKEIT HIER PR\u00dcFEN<\/em><\/strong><\/a><\/span><\/p><\/blockquote>\n<div id=\"attachment_2258\" style=\"width: 1930px\" class=\"wp-caption aligncenter\"><a href=\"https:\/\/www.booking.com\/searchresults.cs.html?ss=Waldhof+Fuschlsee+Resort%2C+Fuschl+am+See%2C+Salzburg%2C+Austria&amp;ssne=Salcburk&amp;ssne_untouched=Salcburk&amp;label=mkt123sc-084e3146-9cb5-46a4-ae09-d2a0b5ff0457&amp;aid=347511&amp;lang=cs&amp;sb=1&amp;src_elem=sb&amp;src=searchresults&amp;dest_id=49620&amp;dest_type=hotel&amp;ac_position=1&amp;ac_click_type=b&amp;ac_langcode=en&amp;ac_suggestion_list_length=5&amp;search_selected=true&amp;search_pageview_id=8a256ec6599e020c&amp;ac_meta=GhA4YTI1NmVjNjU5OWUwMjBjIAEoATICZW46CWZ1c2NobHNlZUAASgBQAA%3D%3D&amp;checkin=2025-12-10&amp;checkout=2025-12-14&amp;group_adults=2&amp;no_rooms=1&amp;group_children=0\" target=\"_blank\" rel=\"noopener\"><img loading=\"lazy\" decoding=\"async\" aria-describedby=\"caption-attachment-2258\" class=\"size-full wp-image-2258\" src=\"https:\/\/rakouskajezera.cz\/wp-content\/uploads\/2025\/11\/Obrazek-67.jpg\" alt=\"Advent in \u00d6sterreich - Waldhof Fuschlsee Resort\" width=\"1920\" height=\"890\" srcset=\"https:\/\/rakouskajezera.cz\/wp-content\/uploads\/2025\/11\/Obrazek-67.jpg 1920w, https:\/\/rakouskajezera.cz\/wp-content\/uploads\/2025\/11\/Obrazek-67-768x356.jpg 768w\" sizes=\"auto, (max-width: 1920px) 100vw, 1920px\" \/><\/a><p id=\"caption-attachment-2258\" class=\"wp-caption-text\">(c) Waldhof Fuschlsee Resort<\/p><\/div>\n<h2 data-start=\"1043\" data-end=\"1060\"><span class=\"ez-toc-section\" id=\"8_Wolfgangsee_%E2%80%93_Advent_in_Oesterreich\"><\/span>8. Wolfgangsee &#8211; Advent in \u00d6sterreich<span class=\"ez-toc-section-end\"><\/span><\/h2>\n<p data-start=\"1061\" data-end=\"1492\">Drei Orte \u2013 St. Wolfgang, St. Gilgen und Strobl \u2013 verbindet nicht nur der Wolfgangsee selbst, sondern auch ein gemeinsames Adventprojekt. Anstatt die M\u00e4rkte zu Fu\u00df abzuklappern, kannst du hier mit dem Schiff von einem Dorf zum anderen fahren, jedes hat eine etwas andere Stimmung: St. Gilgen setzt auf barocke Dekoration, St. Wolfgang auf Tradition und Strobl auf Krippen und lebende Tiere. Abends verwandelt sich die Oberfl\u00e4che des Wolfgangsees in einen Spiegel voller Lichter und Musik.<\/p>\n<p data-start=\"1061\" data-end=\"1492\">Detaillierter Guide zum Advent am Wolfgangsee:<\/p>\n<ul>\n<li data-start=\"1061\" data-end=\"1492\"><a href=\"https:\/\/rakouskajezera.cz\/de\/weihnachtsmaerkte-wolfgangsee-2025-was-man-sehen-wo-man-uebernachten-und-wo-man-essen-kann\/\" target=\"_blank\" rel=\"noopener\"><span style=\"color: #008000;\"><strong>Weihnachtsm\u00e4rkte Wolfgangsee &#8211; Was du sehen kannst, wo du \u00fcbernachten und essen kannst<\/strong><\/span><\/a><\/li>\n<\/ul>\n<div id=\"attachment_2274\" style=\"width: 1879px\" class=\"wp-caption aligncenter\"><img loading=\"lazy\" decoding=\"async\" aria-describedby=\"caption-attachment-2274\" class=\"size-full wp-image-2274\" src=\"https:\/\/rakouskajezera.cz\/wp-content\/uploads\/2025\/11\/Obrazek-76.jpg\" alt=\"Advent in \u00d6sterreich\" width=\"1869\" height=\"1023\" srcset=\"https:\/\/rakouskajezera.cz\/wp-content\/uploads\/2025\/11\/Obrazek-76.jpg 1869w, https:\/\/rakouskajezera.cz\/wp-content\/uploads\/2025\/11\/Obrazek-76-768x420.jpg 768w\" sizes=\"auto, (max-width: 1869px) 100vw, 1869px\" \/><p id=\"caption-attachment-2274\" class=\"wp-caption-text\">Advent am Wolfgangsee \/ \u00a9 Wolfgangsee Tourismus Ges.m.b.H.<\/p><\/div>\n<p data-start=\"1061\" data-end=\"1492\"><strong data-start=\"1417\" data-end=\"1433\">Termin 2025:<\/strong> 21. November \u2013 21. Dezember 2025<\/p>\n<p data-start=\"1061\" data-end=\"1492\"><strong data-start=\"1470\" data-end=\"1490\">Wo \u00fcbernachten:<\/strong><\/p>\n<ul data-start=\"1493\" data-end=\"1740\">\n<li data-start=\"1493\" data-end=\"1602\">\n<p data-start=\"1495\" data-end=\"1602\"><span style=\"color: #008000;\"><a style=\"color: #008000;\" href=\"https:\/\/www.booking.com\/searchresults.cs.html?ss=Wolfgangsee%2C+Austria&amp;ssne=Innsbruck&amp;ssne_untouched=Innsbruck&amp;label=mkt123sc-084e3146-9cb5-46a4-ae09-d2a0b5ff0457&amp;aid=347511&amp;lang=cs&amp;sb=1&amp;src_elem=sb&amp;src=searchresults&amp;dest_id=1879&amp;dest_type=region&amp;ac_position=0&amp;ac_click_type=b&amp;ac_langcode=en&amp;ac_suggestion_list_length=5&amp;search_selected=true&amp;search_pageview_id=eeac6f522eb700f4&amp;ac_meta=GhBlZWFjNmY1MjJlYjcwMGY0IAAoATICZW46C3dvbGZnYW5nc2VlQABKAFAA&amp;checkin=2025-12-10&amp;checkout=2025-12-14&amp;group_adults=2&amp;no_rooms=1&amp;group_children=0\" target=\"_blank\" rel=\"noopener\"><strong data-start=\"1495\" data-end=\"1523\">Hotel Seehang St. Gilgen<\/strong><\/a> \u2013<\/span> kleines Hotel direkt am Wasser, gutes Fr\u00fchst\u00fcck und ausgezeichnete Lage f\u00fcr Bootsausfl\u00fcge.<\/p>\n<\/li>\n<li data-start=\"1603\" data-end=\"1740\">\n<p data-start=\"1605\" data-end=\"1740\"><a href=\"https:\/\/www.booking.com\/searchresults.cs.html?ss=Wolfgangsee%2C+Austria&amp;ssne=Innsbruck&amp;ssne_untouched=Innsbruck&amp;label=mkt123sc-084e3146-9cb5-46a4-ae09-d2a0b5ff0457&amp;aid=347511&amp;lang=cs&amp;sb=1&amp;src_elem=sb&amp;src=searchresults&amp;dest_id=1879&amp;dest_type=region&amp;ac_position=0&amp;ac_click_type=b&amp;ac_langcode=en&amp;ac_suggestion_list_length=5&amp;search_selected=true&amp;search_pageview_id=eeac6f522eb700f4&amp;ac_meta=GhBlZWFjNmY1MjJlYjcwMGY0IAAoATICZW46C3dvbGZnYW5nc2VlQABKAFAA&amp;checkin=2025-12-10&amp;checkout=2025-12-14&amp;group_adults=2&amp;no_rooms=1&amp;group_children=0\" target=\"_blank\" rel=\"noopener\"><strong data-start=\"1605\" data-end=\"1655\"><span style=\"color: #008000;\">Romantik Hotel Im Weissen R\u00f6ssl (St. Wolfgang)<\/span><\/strong><\/a> \u2013 legend\u00e4res Haus am Seeufer, traditionelles Interieur, Spa und Aussicht.<\/p>\n<\/li>\n<\/ul>\n<hr \/>\n<p style=\"text-align: center;\" data-start=\"4319\" data-end=\"4348\"><span style=\"color: #000000;\"><strong>Planst du im Sommer zum Wolfgangsee zu fahren? Lass dich von unseren Tipps f\u00fcr Ausfl\u00fcge und Urlaub inspirieren: <\/strong><\/span><\/p>\n<p style=\"text-align: center;\" data-start=\"4319\" data-end=\"4348\"><span style=\"color: #008000;\"><strong><a style=\"color: #008000;\" href=\"https:\/\/rakouskajezera.cz\/de\/strobl-auf-dem-weg-um-den-buerglestein-und-zurueck-von-st-wolfgang\/\" target=\"_blank\" rel=\"noopener\">Strobl &#8211; Wanderung um den B\u00fcrglstein und von St. Wolfgang mit dem Schiff zur\u00fcck <\/a><\/strong><\/span><\/p>\n<p style=\"text-align: center;\" data-start=\"4319\" data-end=\"4348\"><span style=\"color: #008000;\"><strong><a style=\"color: #008000;\" href=\"https:\/\/rakouskajezera.cz\/wolfgangsee-rakouske-jezero\/\" target=\"_blank\" rel=\"noopener\">Wolfgangsee &#8211; \u00f6sterreichischer See mit Kurort-Atmosph\u00e4re<\/a><\/strong><\/span><\/p>\n<hr \/>\n<h2 data-start=\"1747\" data-end=\"1761\"><span class=\"ez-toc-section\" id=\"9_Traunsee_%E2%80%93_Advent_in_Oesterreich\"><\/span>9. Traunsee &#8211; Advent in \u00d6sterreich<span class=\"ez-toc-section-end\"><\/span><\/h2>\n<p data-start=\"1762\" data-end=\"2164\">Gmunden und Traunkirchen geh\u00f6ren zu den \u00f6sterreichischen St\u00e4dten, die immer noch traditionelle und intime Weihnachtsm\u00e4rkte pflegen. Am Freitag leuchten die St\u00e4nde am Ufer, am Samstag wird vor dem Rathaus gesungen und am Sonntag kehrt wieder Ruhe ein. Die Einheimischen trinken hier nach der Arbeit Punsch, Kinder laufen Schlittschuh auf dem Platz und der See mit dem Traunstein bildet eine nat\u00fcrliche Kulisse. Freue dich auf Traditionen ohne \u00fcberm\u00e4\u00dfigen Tourismus.<\/p>\n<p data-start=\"1762\" data-end=\"2164\">Der komplette Guide zum Advent am Traunsee:<\/p>\n<ul>\n<li><span style=\"color: #008000;\"><strong><a style=\"color: #008000;\" href=\"https:\/\/rakouskajezera.cz\/de\/weihnachtsmaerkte-traunsee-2025-was-man-sehen-wo-man-uebernachten-und-wo-man-essen-kann\/\" target=\"_blank\" rel=\"noopener\">Weihnachtsm\u00e4rkte am Traunsee &#8211; Was du sehen kannst, wo du \u00fcbernachten und essen kannst<\/a><\/strong><\/span><\/li>\n<\/ul>\n<div id=\"attachment_2270\" style=\"width: 1546px\" class=\"wp-caption aligncenter\"><img loading=\"lazy\" decoding=\"async\" aria-describedby=\"caption-attachment-2270\" class=\"size-full wp-image-2270\" src=\"https:\/\/rakouskajezera.cz\/wp-content\/uploads\/2025\/11\/Obrazek-30.jpg\" alt=\"Advent in \u00d6sterreich\" width=\"1536\" height=\"1024\" srcset=\"https:\/\/rakouskajezera.cz\/wp-content\/uploads\/2025\/11\/Obrazek-30.jpg 1536w, https:\/\/rakouskajezera.cz\/wp-content\/uploads\/2025\/11\/Obrazek-30-768x512.jpg 768w\" sizes=\"auto, (max-width: 1536px) 100vw, 1536px\" \/><p id=\"caption-attachment-2270\" class=\"wp-caption-text\">Advent am Traunsee<\/p><\/div>\n<p><strong data-start=\"2089\" data-end=\"2105\">Termin 2025:<\/strong> 28. November \u2013 21. Dezember 2025<\/p>\n<p><strong data-start=\"2142\" data-end=\"2162\">Wo \u00fcbernachten:<\/strong><\/p>\n<ul>\n<li data-start=\"2165\" data-end=\"2267\">\n<p data-start=\"2167\" data-end=\"2267\"><span style=\"color: #008000;\"><a style=\"color: #008000;\" href=\"https:\/\/www.booking.com\/hotel\/at\/esplanade-gmunden1.cs.html?aid=347511&amp;label=mkt123sc-941f5353-6cd5-4b43-bab4-f3870da339d5&amp;sid=2ec81714fa30d6b6b49f17286c59a3f3&amp;all_sr_blocks=633299201_247226191_2_1_0&amp;checkin=2025-12-10&amp;checkout=2025-12-14&amp;dest_id=6332992&amp;dest_type=hotel&amp;dist=0&amp;group_adults=2&amp;group_children=0&amp;hapos=1&amp;highlighted_blocks=633299201_247226191_2_1_0&amp;hpos=1&amp;matching_block_id=633299201_247226191_2_1_0&amp;no_rooms=1&amp;req_adults=2&amp;req_children=0&amp;room1=A%2CA&amp;sb_price_type=total&amp;sr_order=popularity&amp;sr_pri_blocks=633299201_247226191_2_1_0__79383&amp;srepoch=1763393614&amp;srpvid=7b4f6d64397e1318&amp;type=total&amp;ucfs=1hotelTmpl\" target=\"_blank\" rel=\"noopener\"><strong data-start=\"2167\" data-end=\"2194\">Hotel Esplanade Gmunden<\/strong><\/a><\/span> \u2013 einfaches, sauberes Hotel an der Promenade, ideale Lage f\u00fcr Spazierg\u00e4nge.<\/p>\n<\/li>\n<li data-start=\"2268\" data-end=\"2382\">\n<p data-start=\"2270\" data-end=\"2382\"><a href=\"https:\/\/www.booking.com\/searchresults.cs.html?aid=347511&amp;label=mkt123sc-941f5353-6cd5-4b43-bab4-f3870da339d5&amp;sid=2ec81714fa30d6b6b49f17286c59a3f3&amp;sb=1&amp;src=hotel&amp;src_elem=sb&amp;error_url=https%3A%2F%2Fwww.booking.com%2Fhotel%2Fat%2Fpost-traunkirchen.cs.html%3Faid%3D347511%26label%3Dmkt123sc-941f5353-6cd5-4b43-bab4-f3870da339d5%26sid%3D2ec81714fa30d6b6b49f17286c59a3f3%26all_sr_blocks%3D7058017_401717056_0_1_0_850228%3Bcheckin%3D2025-12-10%3Bcheckout%3D2025-12-14%3Bdist%3D0%3Bgroup_adults%3D2%3Bgroup_children%3D0%3Bhapos%3D1%3Bhighlighted_blocks%3D7058017_401717056_0_1_0_850228%3Bhpos%3D1%3Bmatching_block_id%3D7058017_401717056_0_1_0_850228%3Bno_rooms%3D1%3Breq_adults%3D2%3Breq_children%3D0%3Broom1%3DA%252CA%3Bsb_price_type%3Dtotal%3Bsr_order%3Ddistance_from_search%3Bsr_pri_blocks%3D7058017_401717056_0_1_0_850228_109720%3Bsrepoch%3D1763393692%3Bsrpvid%3Dc6506d8bea3102a5%3Btype%3Dtotal%3Bucfs%3D1%26&amp;highlighted_hotels=70580&amp;hp_sbox=1&amp;ss=Post+am+See%2C+Traunsee+-+4+Stern+Superior%2C+Traunkirchen%2C+Upper+Austria%2C+Austria&amp;is_ski_area=&amp;ssne=Traunkirchen&amp;ssne_untouched=Traunkirchen&amp;city=-1993438&amp;checkin_year=2025&amp;checkin_month=12&amp;checkin_monthday=10&amp;checkout_year=2025&amp;checkout_month=12&amp;checkout_monthday=14&amp;group_adults=2&amp;group_children=0&amp;no_rooms=1&amp;from_sf=1&amp;ss_raw=Traunkirchen+post+am+see&amp;ac_position=0&amp;ac_langcode=en&amp;ac_click_type=b&amp;ac_meta=GhBkNTk2NmRiNGI2NjMwNmNlIAAoATICZW46GFRyYXVua2lyY2hlbiBwb3N0IGFtIHNlZUAASgBQAA%3D%3D&amp;dest_id=70580&amp;dest_type=hotel&amp;place_id_lat=47.84498&amp;place_id_lon=13.7895975&amp;search_pageview_id=4deb6d8e51950972&amp;search_selected=true&amp;search_pageview_id=4deb6d8e51950972&amp;ac_suggestion_list_length=1&amp;ac_suggestion_theme_list_length=0\" target=\"_blank\" rel=\"noopener\"><strong data-start=\"2270\" data-end=\"2304\"><span style=\"color: #008000;\">Post am See Traunkirchen<\/span><\/strong><\/a> \u2013 ruhiges Vier-Sterne-Hotel mit Terrasse \u00fcber dem See und ausgezeichnetem Restaurant.<\/p>\n<\/li>\n<\/ul>\n<hr \/>\n<p style=\"text-align: center;\"><span style=\"color: #000000;\"><strong>Planst du im Sommer zum Traunsee zu fahren? Unsere Tipps f\u00fcr Ausfl\u00fcge und Urlaub werden dir n\u00fctzlich sein: <\/strong><\/span><\/p>\n<p style=\"text-align: center;\"><a href=\"https:\/\/rakouskajezera.cz\/de\/gmunden-ausflug-zum-schloss-ort\/\" target=\"_blank\" rel=\"noopener\"><span style=\"color: #008000;\"><strong>Gmunden &#8211; Ausflug zum Schloss Ort<\/strong><\/span><\/a><\/p>\n<p style=\"text-align: center;\"><span style=\"color: #008000;\"><strong><a style=\"color: #008000;\" href=\"https:\/\/rakouskajezera.cz\/de\/traunsee-7-ausflugstipps\/\" target=\"_blank\" rel=\"noopener\">Traunsee &#8211; 7 Tipps f\u00fcr Ausfl\u00fcge und Orte, die du sehen musst <\/a><\/strong><\/span><\/p>\n<hr \/>\n<h2 data-start=\"2389\" data-end=\"2414\"><span class=\"ez-toc-section\" id=\"10_Advent_am_Woerthersee_Velden\"><\/span>10. Advent am W\u00f6rthersee (Velden<span class=\"ez-toc-section-end\"><\/span><\/h2>\n<p data-start=\"2415\" data-end=\"2824\">Der Advent in \u00d6sterreich, in K\u00e4rnten, hat eine etwas andere Atmosph\u00e4re. Im k\u00e4rntnerischen Velden und an anderen Orten haben die Weihnachten einen leicht mediterranen Charakter. Zumindest haben wir hier dieses Gef\u00fchl. Die Temperaturen sind milder, die St\u00e4nde stehen direkt am See und die Atmosph\u00e4re ist hier \u00e4hnlich ruhig wie am Meer. Leute sitzen mit einer Tasse Punsch am Ufer, Kinder basteln Ornamente, aus dem Rathausturm erklingen Weihnachtslieder. Zu den sch\u00f6nsten Momenten geh\u00f6rt der Sonnenuntergang.<\/p>\n<ul>\n<li data-start=\"2415\" data-end=\"2824\"><span style=\"color: #008000;\"><strong><a style=\"color: #008000;\" href=\"https:\/\/rakouskajezera.cz\/de\/woerthersee-11-ausflugstipps-unterkuenfte\/\" target=\"_blank\" rel=\"noopener\">W\u00f6rthersee &#8211; 11 Tipps f\u00fcr Ausfl\u00fcge + Unterkunft<\/a><\/strong><\/span><\/li>\n<\/ul>\n<div id=\"attachment_2263\" style=\"width: 1930px\" class=\"wp-caption aligncenter\"><img loading=\"lazy\" decoding=\"async\" aria-describedby=\"caption-attachment-2263\" class=\"size-full wp-image-2263\" src=\"https:\/\/rakouskajezera.cz\/wp-content\/uploads\/2025\/11\/Obrazek-69.jpg\" alt=\"Advent in \u00d6sterreich - W\u00f6rthersee \" width=\"1920\" height=\"1080\" srcset=\"https:\/\/rakouskajezera.cz\/wp-content\/uploads\/2025\/11\/Obrazek-69.jpg 1920w, https:\/\/rakouskajezera.cz\/wp-content\/uploads\/2025\/11\/Obrazek-69-768x432.jpg 768w\" sizes=\"auto, (max-width: 1920px) 100vw, 1920px\" \/><p id=\"caption-attachment-2263\" class=\"wp-caption-text\">(c) W\u00f6rthersee Tourismus<\/p><\/div>\n<div id=\"attachment_2264\" style=\"width: 1930px\" class=\"wp-caption aligncenter\"><img loading=\"lazy\" decoding=\"async\" aria-describedby=\"caption-attachment-2264\" class=\"size-full wp-image-2264\" src=\"https:\/\/rakouskajezera.cz\/wp-content\/uploads\/2025\/11\/Obrazek-70.jpg\" alt=\"Advent in \u00d6sterreich - W\u00f6rthersee \" width=\"1920\" height=\"1080\" srcset=\"https:\/\/rakouskajezera.cz\/wp-content\/uploads\/2025\/11\/Obrazek-70.jpg 1920w, https:\/\/rakouskajezera.cz\/wp-content\/uploads\/2025\/11\/Obrazek-70-768x432.jpg 768w\" sizes=\"auto, (max-width: 1920px) 100vw, 1920px\" \/><p id=\"caption-attachment-2264\" class=\"wp-caption-text\">(c) W\u00f6rthersee Tourismus<\/p><\/div>\n<p data-start=\"2415\" data-end=\"2824\"><strong data-start=\"2749\" data-end=\"2765\">Termin 2025:<\/strong> 21. November \u2013 21. Dezember 2025<\/p>\n<p data-start=\"2415\" data-end=\"2824\"><strong data-start=\"2802\" data-end=\"2822\">Wo \u00fcbernachten:<\/strong><\/p>\n<ul data-start=\"2825\" data-end=\"3067\">\n<li data-start=\"2825\" data-end=\"2931\">\n<p data-start=\"2827\" data-end=\"2931\"><span style=\"color: #008000;\"><a style=\"color: #008000;\" href=\"https:\/\/www.booking.com\/searchresults.cs.html?ss=W%C3%B6rthersee%2C+Austria&amp;ssne=Wolfgangsee&amp;ssne_untouched=Wolfgangsee&amp;label=mkt123sc-084e3146-9cb5-46a4-ae09-d2a0b5ff0457&amp;aid=347511&amp;lang=cs&amp;sb=1&amp;src_elem=sb&amp;src=searchresults&amp;dest_id=2484&amp;dest_type=region&amp;ac_position=0&amp;ac_click_type=b&amp;ac_langcode=en&amp;ac_suggestion_list_length=5&amp;search_selected=true&amp;search_pageview_id=5dde6faa73cd01cf&amp;ac_meta=GhA1ZGRlNmZhYTczY2QwMWNmIAAoATICZW46C1fDtnJ0aGVyc2VlQABKAFAA&amp;checkin=2025-12-10&amp;checkout=2025-12-14&amp;group_adults=2&amp;no_rooms=1&amp;group_children=0\" target=\"_blank\" rel=\"noopener\"><strong data-start=\"2827\" data-end=\"2847\">Hotel Post Wrann<\/strong><\/a><\/span> \u2013 traditionelles Familienhotel im Zentrum von Velden, wenige Schritte vom See entfernt, hochwertiges Fr\u00fchst\u00fcck.<\/p>\n<\/li>\n<li data-start=\"2932\" data-end=\"3067\">\n<p data-start=\"2934\" data-end=\"3067\"><a href=\"https:\/\/www.booking.com\/searchresults.cs.html?ss=W%C3%B6rthersee%2C+Austria&amp;ssne=Wolfgangsee&amp;ssne_untouched=Wolfgangsee&amp;label=mkt123sc-084e3146-9cb5-46a4-ae09-d2a0b5ff0457&amp;aid=347511&amp;lang=cs&amp;sb=1&amp;src_elem=sb&amp;src=searchresults&amp;dest_id=2484&amp;dest_type=region&amp;ac_position=0&amp;ac_click_type=b&amp;ac_langcode=en&amp;ac_suggestion_list_length=5&amp;search_selected=true&amp;search_pageview_id=5dde6faa73cd01cf&amp;ac_meta=GhA1ZGRlNmZhYTczY2QwMWNmIAAoATICZW46C1fDtnJ0aGVyc2VlQABKAFAA&amp;checkin=2025-12-10&amp;checkout=2025-12-14&amp;group_adults=2&amp;no_rooms=1&amp;group_children=0\" target=\"_blank\" rel=\"noopener\"><strong data-start=\"2934\" data-end=\"2971\"><span style=\"color: #008000;\">Falkensteiner Schlosshotel Velden<\/span><\/strong> <\/a>\u2013 ikonisches F\u00fcnf-Sterne-Hotel mit Blick auf den W\u00f6rthersee, eines der besten Wellnesshotels in K\u00e4rnten<\/p>\n<\/li>\n<\/ul>\n<hr \/>\n<p data-start=\"4350\" data-end=\"4815\">Haben wir dich f\u00fcr den traditionellen Advent in \u00d6sterreich begeistert?<\/p>\n<p data-start=\"4350\" data-end=\"4815\">Ob dich die Eleganz Wiens, der musikalische Geist Salzburgs, die alpine Energie Innsbrucks, die m\u00e4rchenhafte Sch\u00f6nheit Hallstatts, die Winteridylle Zell am Sees oder der authentische Charme von Graz anlockt, der Advent in \u00d6sterreich hat seinen einzigartigen Zauber. Jede Stadt erz\u00e4hlt ihre eigene traditionelle Geschichte.<\/p>\n<hr \/>\n<p style=\"text-align: center;\" data-start=\"4350\" data-end=\"4815\"><span style=\"color: #000000;\"><strong>Speichere diesen Artikel mit Tipps f\u00fcr den Advent in \u00d6sterreich, damit du ihn beim n\u00e4chsten Mal leicht findest: <\/strong><\/span><\/p>\n<p style=\"text-align: center;\" data-start=\"4350\" data-end=\"4815\"><iframe loading=\"lazy\" src=\"https:\/\/assets.pinterest.com\/ext\/embed.html?id=1049057306964887567\" width=\"345\" height=\"714\" frameborder=\"0\" scrolling=\"no\"><\/iframe><\/p>\n","protected":false},"excerpt":{"rendered":"<p>Advent in \u00d6sterreich: 10 Tipps, wohin zu Weihnachtsm\u00e4rkten Erlebe einen zauberhaften Advent in \u00d6sterreich. Suchst du das perfekte Weihnachtsziel? Du brauchst nicht l\u00e4nger zu suchen. \u00d6sterreich ist ein Land, das die traditionelle Weihnachtsatmosph\u00e4re wohl am besten einfangen kann. Von den verschneiten Alpengipfeln bis zu den malerischen Kopfsteinpflastergassen alter St\u00e4dte verwandelt sich praktisch das ganze Land vor Weihnachten in ein einziges gro\u00dfes M\u00e4rchen. Begib dich mit uns auf eine unvergessliche Reise zu 10 Adventorten, wo du vor Weihnachten eine sch\u00f6ne Zeit verbringen wirst: Advent in \u00d6sterreich 1. Wien Die \u00f6sterreichische Metropole erwacht im Advent f\u00f6rmlich zum Leben. Historische Stra\u00dfen glitzern unter <\/p>\n","protected":false},"author":1,"featured_media":3281,"comment_status":"closed","ping_status":"closed","sticky":false,"template":"","format":"standard","meta":{"footnotes":""},"categories":[549],"tags":[581,551,583,579,584,582,580],"class_list":["post-3279","post","type-post","status-publish","format-standard","has-post-thumbnail","hentry","category-advent-in-osterreich","tag-advent-am-fuschlsee","tag-advent-am-traunsee","tag-advent-in-hallstatt","tag-advent-in-osterreich","tag-advent-in-salzburg","tag-advent-in-wien","tag-advent-in-zell-am-see","has_thumb"],"_links":{"self":[{"href":"https:\/\/rakouskajezera.cz\/de\/wp-json\/wp\/v2\/posts\/3279","targetHints":{"allow":["GET"]}}],"collection":[{"href":"https:\/\/rakouskajezera.cz\/de\/wp-json\/wp\/v2\/posts"}],"about":[{"href":"https:\/\/rakouskajezera.cz\/de\/wp-json\/wp\/v2\/types\/post"}],"author":[{"embeddable":true,"href":"https:\/\/rakouskajezera.cz\/de\/wp-json\/wp\/v2\/users\/1"}],"replies":[{"embeddable":true,"href":"https:\/\/rakouskajezera.cz\/de\/wp-json\/wp\/v2\/comments?post=3279"}],"version-history":[{"count":3,"href":"https:\/\/rakouskajezera.cz\/de\/wp-json\/wp\/v2\/posts\/3279\/revisions"}],"predecessor-version":[{"id":3306,"href":"https:\/\/rakouskajezera.cz\/de\/wp-json\/wp\/v2\/posts\/3279\/revisions\/3306"}],"wp:featuredmedia":[{"embeddable":true,"href":"https:\/\/rakouskajezera.cz\/de\/wp-json\/wp\/v2\/media\/3281"}],"wp:attachment":[{"href":"https:\/\/rakouskajezera.cz\/de\/wp-json\/wp\/v2\/media?parent=3279"}],"wp:term":[{"taxonomy":"category","embeddable":true,"href":"https:\/\/rakouskajezera.cz\/de\/wp-json\/wp\/v2\/categories?post=3279"},{"taxonomy":"post_tag","embeddable":true,"href":"https:\/\/rakouskajezera.cz\/de\/wp-json\/wp\/v2\/tags?post=3279"}],"curies":[{"name":"wp","href":"https:\/\/api.w.org\/{rel}","templated":true}]}}